{"id":43750,"date":"2026-04-17T12:46:13","date_gmt":"2026-04-17T07:16:13","guid":{"rendered":"https:\/\/www.tjc-group.com\/blogs\/guide-de-mise-en-oeuvre-de-la-facturation-electronique-et-du-reporting-mondiaux-en-espagne-en-2026\/"},"modified":"2026-05-01T12:11:42","modified_gmt":"2026-05-01T06:41:42","slug":"guide-de-mise-en-oeuvre-de-la-facturation-electronique-et-du-reporting-mondiaux-en-espagne-en-2026","status":"publish","type":"blog","link":"https:\/\/www.tjc-group.com\/fr\/blogs\/guide-de-mise-en-oeuvre-de-la-facturation-electronique-et-du-reporting-mondiaux-en-espagne-en-2026\/","title":{"rendered":"Guide de mise en \u0153uvre de la facturation \u00e9lectronique et du reporting mondiaux en Espagne en 2026"},"content":{"rendered":"\n<p class=\"has-text-color has-link-color wp-elements-ce110fc0afce9fddaceb045b8384e28f\" style=\"color:#00be92;font-style:normal;font-weight:600\"><em>L&#8217;auteur : <a href=\"https:\/\/www.linkedin.com\/in\/priyasha-purkayastha-07730a63\/\" target=\"_blank\" rel=\"noreferrer noopener\">Priyasha Purkayastha, Responsable du contenu mondial, Groupe TJC<\/a><\/em><\/p>\n\n<p class=\"has-text-color has-link-color wp-elements-47fca6ee59c78177324cd0689b669e7a\" style=\"color:#0d589b;font-style:normal;font-weight:600\"><em>Alors que la facturation \u00e9lectronique et le reporting mondiaux s\u2019acc\u00e9l\u00e8rent dans toutes les juridictions en 2026, l\u2019Espagne s\u2019est impos\u00e9e comme l\u2019un des march\u00e9s europ\u00e9ens les plus importants \u00e0 surveiller. Avec l\u2019approbation du d\u00e9cret royal 238\/2026 le 24 mars 2026, la facturation \u00e9lectronique en Espagne devient obligatoire pour toutes les transactions B2B, marquant une \u00e9tape d\u00e9cisive dans la transformation fiscale num\u00e9rique du pays. Cet article explore ce que les entreprises doivent savoir sur le nouveau cadre espagnol, comment il s\u2019inscrit dans le paysage mondial plus large de la facturation \u00e9lectronique et les \u00e9tapes pratiques pour se mettre en conformit\u00e9.  <\/em><\/p>\n\n<div class=\"wp-block-yoast-seo-table-of-contents yoast-table-of-contents\"><h2>Table des mati\u00e8res<\/h2><ul><li><a href=\"#h-introduction\" data-level=\"2\">Introduction<\/a><\/li><li><a href=\"#h-the-global-e-invoicing-landscape-in-2026\" data-level=\"2\">Le paysage mondial de la facturation \u00e9lectronique en 2026<\/a><ul><li><a href=\"#h-key-developments-across-the-globe\" data-level=\"3\">D\u00e9veloppements cl\u00e9s \u00e0 travers le monde<\/a><\/li><\/ul><\/li><li><a href=\"#h-spain-s-e-invoicing-framework-the-crea-y-crece-law\" data-level=\"2\">Le cadre espagnol de la facturation \u00e9lectronique : la loi Crea y Crece<\/a><\/li><li><a href=\"#h-royal-decree-238-2026-what-it-establishes\" data-level=\"2\">D\u00e9cret royal 238\/2026 : ce qu\u2019il \u00e9tablit<\/a><\/li><li><a href=\"#h-who-must-comply-with-e-invoicing-in-spain\" data-level=\"2\">Qui doit se conformer \u00e0 la facturation \u00e9lectronique en Espagne ?<\/a><\/li><li><a href=\"#h-implementation-timeline-and-phased-rollout\" data-level=\"2\">Calendrier de mise en \u0153uvre et d\u00e9ploiement progressif<\/a><\/li><li><a href=\"#h-accepted-e-invoicing-formats-and-technical-requirements\" data-level=\"2\">Formats de facturation \u00e9lectronique accept\u00e9s et exigences techniques<\/a><\/li><li><a href=\"#h-the-public-and-private-platform-model\" data-level=\"2\">Le mod\u00e8le de plateforme publique et priv\u00e9e<\/a><ul><li><a href=\"#h-the-aeat-public-platform\" data-level=\"3\">La plateforme publique de l\u2019AEAT<\/a><\/li><li><a href=\"#h-private-e-invoicing-platforms\" data-level=\"3\">Plateformes de facturation \u00e9lectronique priv\u00e9es<\/a><\/li><\/ul><\/li><li><a href=\"#h-how-spain-s-mandate-aligns-with-the-eu-s-vida-directive\" data-level=\"2\">Comment le mandat de l\u2019Espagne s\u2019aligne sur la directive europ\u00e9enne ViDA<\/a><ul><li><a href=\"#h-penalties-for-non-compliance\" data-level=\"3\">Sanctions en cas de non-conformit\u00e9<\/a><\/li><\/ul><\/li><li><a href=\"#h-how-sap-drc-supports-e-invoicing-compliance-in-spain\" data-level=\"2\">Comment SAP DRC soutient la conformit\u00e9 de la facturation \u00e9lectronique en Espagne<\/a><ul><li><a href=\"#h-practical-steps-for-businesses-to-prepare\" data-level=\"3\">\u00c9tapes pratiques de pr\u00e9paration pour les entreprises<\/a><\/li><\/ul><\/li><li><a href=\"#h-conclusion\" data-level=\"2\">Conclusion<\/a><\/li><\/ul><\/div>\n\n<h2 class=\"wp-block-heading has-text-color has-link-color wp-elements-e2fc5ee95eaffc64bf0205be8e563ac8\" id=\"h-introduction\" style=\"color:#56abda;font-style:normal;font-weight:600\">Introduction<\/h2>\n\n<p>L\u2019ann\u00e9e 2026 repr\u00e9sente un moment charni\u00e8re pour la facturation \u00e9lectronique et le reporting mondiaux. En Europe, en Asie-Pacifique, en Am\u00e9rique latine et au-del\u00e0, les gouvernements imposent la facturation \u00e9lectronique structur\u00e9e pour lutter contre la fraude \u00e0 la TVA, accro\u00eetre la transparence et moderniser l\u2019administration fiscale. L\u2019Espagne est fermement au centre de ce mouvement.  <\/p>\n\n<p>Avec l\u2019approbation formelle du d\u00e9cret royal 238\/2026, la facturation \u00e9lectronique en Espagne est pass\u00e9e d\u2019une ambition l\u00e9gislative \u00e0 une r\u00e9alit\u00e9 r\u00e9glementaire. Le d\u00e9cret active le mandat de facturation \u00e9lectronique B2B initialement introduit par la loi Crea y Crece (loi 18\/2022), \u00e9tablissant un cadre complet qui remod\u00e8lera la mani\u00e8re dont les entreprises \u00e9mettent, \u00e9changent et d\u00e9clarent les factures dans le pays. <\/p>\n\n<p>Pour les organisations multinationales op\u00e9rant en Espagne, ou dans plusieurs juridictions simultan\u00e9ment, il est essentiel de comprendre ce nouveau mandat. Ce guide fournit un aper\u00e7u complet du cadre espagnol de facturation \u00e9lectronique, de sa place dans le <a href=\"https:\/\/www.tjc-group.com\/fr\/blogs\/une-comprehension-approfondie-du-paysage-mondial-de-la-conformite-fiscale-sap\/\" target=\"_blank\" rel=\"noreferrer noopener\">paysage mondial de la conformit\u00e9 fiscale<\/a>, et des recommandations concr\u00e8tes pour se mettre en conformit\u00e9. <\/p>\n\n<h2 class=\"wp-block-heading has-text-color has-link-color wp-elements-90416589abfe2f64de6f44ff217f342d\" id=\"h-the-global-e-invoicing-landscape-in-2026\" style=\"color:#56abda;font-style:normal;font-weight:600\">Le paysage mondial de la facturation \u00e9lectronique en 2026<\/h2>\n\n<p>Avant de plonger dans les exigences sp\u00e9cifiques de l\u2019Espagne, il convient de comprendre le contexte plus large. Le <a href=\"https:\/\/www.tjc-group.com\/fr\/blogs\/la-facturation-electronique-en-2025-un-apercu-interessant-de-son-deploiement-mondial\/\" target=\"_blank\" rel=\"noreferrer noopener\">d\u00e9ploiement mondial de la facturation \u00e9lectronique<\/a> a atteint une \u00e9chelle sans pr\u00e9c\u00e9dent en 2026, avec des dizaines de pays introduisant ou \u00e9tendant des mandats simultan\u00e9ment. <\/p>\n\n<h3 class=\"wp-block-heading has-text-color has-link-color wp-elements-7071598dacef765e71f8fdf537c4bcbb\" id=\"h-key-developments-across-the-globe\" style=\"color:#0d589b;font-style:normal;font-weight:600\">D\u00e9veloppements cl\u00e9s \u00e0 travers le monde<\/h3>\n\n<p><strong>Belgique :<\/strong> La facturation \u00e9lectronique B2B obligatoire a d\u00e9but\u00e9 en janvier 2026, la p\u00e9riode de gr\u00e2ce se terminant en avril 2026 ; des sanctions seront appliqu\u00e9es aux organisations apr\u00e8s cette p\u00e9riode. En savoir plus sur la <a href=\"https:\/\/www.tjc-group.com\/fr\/blogs\/la-facturation-electronique-en-belgique-principales-mises-a-jour-de-larrete-royal\/\" target=\"_blank\" rel=\"noreferrer noopener\">facturation \u00e9lectronique en Belgique<\/a>. <\/p>\n\n<p><strong>France<\/strong> : Un d\u00e9ploiement progressif de la facturation \u00e9lectronique B2B et de l\u2019e-reporting via des plateformes certifi\u00e9es commence en septembre 2026 pour les grandes et moyennes entreprises. D\u00e9couvrez les derni\u00e8res <a href=\"https:\/\/www.tjc-group.com\/fr\/blogs\/la-facturation-electronique-en-france-mises-a-jour-importantes-de-lete-2025\/\" target=\"_blank\" rel=\"noreferrer noopener\">mises \u00e0 jour sur la facturation \u00e9lectronique en France<\/a>. <\/p>\n\n<p><strong>Pologne :<\/strong> La plateforme nationale KSeF est devenue obligatoire pour les grands contribuables en f\u00e9vrier 2026, la conformit\u00e9 totale \u00e9tant requise pour tous les assujettis \u00e0 la TVA \u00e0 partir d\u2019avril 2026. Explorez les <a href=\"https:\/\/www.tjc-group.com\/fr\/blogs\/saf-t-poland-accounting-file-jpk_kr-to-become-mandatory-for-corporate-income-tax-cit-settlements\/\" target=\"_blank\" rel=\"noreferrer noopener\">d\u00e9veloppements du SAF-T en Pologne<\/a>. <\/p>\n\n<p><strong>Allemagne :<\/strong> Les exigences en mati\u00e8re de facturation \u00e9lectronique B2B continuent d\u2019\u00e9voluer, avec des clarifications sur le champ d\u2019application et les formats. D\u00e9couvrez les <a href=\"https:\/\/www.tjc-group.com\/fr\/blogs\/la-facturation-electronique-en-allemagne-ce-quil-faut-savoir-en-2025\/\" target=\"_blank\" rel=\"noreferrer noopener\">points cl\u00e9s \u00e0 conna\u00eetre sur la facturation \u00e9lectronique en Allemagne<\/a>. <\/p>\n\n<p><strong>Singapour :<\/strong> Le mandat InvoiceNow s\u2019\u00e9tend \u00e0 toutes les entreprises enregistr\u00e9es \u00e0 la TPS selon un calendrier progressif jusqu\u2019en 2031. En savoir plus sur la <a href=\"https:\/\/www.tjc-group.com\/fr\/blogs\/facturation-electronique-a-singapour-tout-ce-que-vous-devez-savoir-2025\/\" target=\"_blank\" rel=\"noreferrer noopener\">facturation \u00e9lectronique \u00e0 Singapour<\/a>. <\/p>\n\n<p>Cet \u00e9lan mondial est renforc\u00e9 par la directive europ\u00e9enne <a href=\"https:\/\/www.tjc-group.com\/fr\/blogs\/quest-ce-que-la-tva-a-lere-numerique-vida\/\" target=\"_blank\" rel=\"noreferrer noopener\">VAT in the Digital Age (ViDA)<\/a>, adopt\u00e9e le 11 mars 2025, qui imposera le reporting num\u00e9rique pour les transactions B2B transfrontali\u00e8res \u00e0 partir de juillet 2030 et exigera des \u00c9tats membres qu\u2019ils harmonisent leurs syst\u00e8mes nationaux d\u2019ici janvier 2035.<\/p>\n<div class=\"wp-block-image\">\n<figure class=\"aligncenter size-large\"><a href=\"https:\/\/www.tjc-group.com\/fr\/blogs\/strategie-mondiale-de-facturation-electronique-comment-creer-des-processus-dintegration-evolutifs\/\" target=\"_blank\" rel=\" noreferrer noopener\"><img loading=\"lazy\" decoding=\"async\" width=\"2560\" height=\"1280\" src=\"https:\/\/www.tjc-group.com\/wp-content\/uploads\/2026\/03\/EN_Header_Blog_Global-E-invoicing-Strategies_March-2026-2560x1280.webp\" alt=\"Strat&#xE9;gie mondiale de facturation &#xE9;lectronique : comment cr&#xE9;er des processus d'int&#xE9;gration &#xE9;volutifs ?\" class=\"wp-image-43154\" srcset=\"https:\/\/www.tjc-group.com\/wp-content\/uploads\/2026\/03\/EN_Header_Blog_Global-E-invoicing-Strategies_March-2026-2560x1280.webp 2560w, https:\/\/www.tjc-group.com\/wp-content\/uploads\/2026\/03\/EN_Header_Blog_Global-E-invoicing-Strategies_March-2026-300x150.webp 300w, https:\/\/www.tjc-group.com\/wp-content\/uploads\/2026\/03\/EN_Header_Blog_Global-E-invoicing-Strategies_March-2026-150x75.webp 150w, https:\/\/www.tjc-group.com\/wp-content\/uploads\/2026\/03\/EN_Header_Blog_Global-E-invoicing-Strategies_March-2026-768x384.webp 768w, https:\/\/www.tjc-group.com\/wp-content\/uploads\/2026\/03\/EN_Header_Blog_Global-E-invoicing-Strategies_March-2026-1536x768.webp 1536w, https:\/\/www.tjc-group.com\/wp-content\/uploads\/2026\/03\/EN_Header_Blog_Global-E-invoicing-Strategies_March-2026-2048x1024.webp 2048w, https:\/\/www.tjc-group.com\/wp-content\/uploads\/2026\/03\/EN_Header_Blog_Global-E-invoicing-Strategies_March-2026-1200x600.webp 1200w, https:\/\/www.tjc-group.com\/wp-content\/uploads\/2026\/03\/EN_Header_Blog_Global-E-invoicing-Strategies_March-2026-1980x990.webp 1980w\" sizes=\"auto, (max-width: 2560px) 100vw, 2560px\" \/><\/a><figcaption class=\"wp-element-caption\"><a href=\"https:\/\/www.tjc-group.com\/fr\/blogs\/strategie-mondiale-de-facturation-electronique-comment-creer-des-processus-dintegration-evolutifs\/\" target=\"_blank\" rel=\"noreferrer noopener\"><em>Strat\u00e9gie mondiale de facturation \u00e9lectronique : comment cr\u00e9er des processus d&#8217;int\u00e9gration \u00e9volutifs ?<\/em><\/a><\/figcaption><\/figure>\n<\/div>\n<h2 class=\"wp-block-heading has-text-color has-link-color wp-elements-49b275d5ac5bd1c8a66ddcbfa0fc6830\" id=\"h-spain-s-e-invoicing-framework-the-crea-y-crece-law\" style=\"color:#56abda;font-style:normal;font-weight:600\">Le cadre espagnol de la facturation \u00e9lectronique : la loi Crea y Crece<\/h2>\n\n<p>Le parcours de l\u2019Espagne vers la facturation \u00e9lectronique B2B obligatoire a commenc\u00e9 avec la loi Crea y Crece (loi 18\/2022), promulgu\u00e9e en septembre 2022. Les principaux objectifs de la loi vont au-del\u00e0 de la simple num\u00e9risation ; elle vise \u00e0 r\u00e9soudre un probl\u00e8me persistant de l\u2019\u00e9conomie espagnole : les retards de paiement dans les transactions commerciales. <\/p>\n\n<p>La loi Crea y Crece d\u00e9signe la facturation \u00e9lectronique comme la m\u00e9thode exclusive pour les transactions commerciales entre entreprises et professionnels ind\u00e9pendants en Espagne. En exigeant des factures \u00e9lectroniques structur\u00e9es et en imposant un suivi du cycle de vie (y compris le signalement du statut de paiement), la loi cr\u00e9e un m\u00e9canisme permettant \u00e0 l\u2019Agence fiscale espagnole (AEAT) de surveiller le respect des paiements et d\u2019identifier les entreprises qui ne paient pas \u00e0 temps de mani\u00e8re syst\u00e9matique. <\/p>\n\n<p>On estime que l\u2019Espagne a perdu environ 6,8 milliards d\u2019euros de recettes de TVA attendues, ce qui rend l\u2019argument en faveur d\u2019un mod\u00e8le robuste de <a href=\"https:\/\/www.tjc-group.com\/fr\/blogs\/exploring-different-models-for-continuous-transactions-control\/\" target=\"_blank\" rel=\"noreferrer noopener\">contr\u00f4le continu des transactions<\/a> encore plus convaincant. La loi Crea y Crece fournit le fondement l\u00e9gislatif, tandis que le d\u00e9cret royal 238\/2026 apporte les d\u00e9tails techniques et op\u00e9rationnels. <\/p>\n\n<h2 class=\"wp-block-heading has-text-color has-link-color wp-elements-395ba4bcbeb3d326c977a5f67b5f8dbb\" id=\"h-royal-decree-238-2026-what-it-establishes\" style=\"color:#56abda;font-style:normal;font-weight:600\">D\u00e9cret royal 238\/2026 : ce qu\u2019il \u00e9tablit<\/h2>\n\n<p>Le 24 mars 2026, le Conseil des ministres espagnol a approuv\u00e9 le d\u00e9cret royal 238\/2026, publi\u00e9 au Bulletin officiel de l\u2019\u00c9tat (BOE) le 31 mars 2026. Ce d\u00e9cret active formellement le mandat de facturation \u00e9lectronique B2B et modifie les r\u00e9glementations de facturation existantes \u00e9tablies par le d\u00e9cret royal 1619\/2012. <\/p>\n\n<p>Les principales dispositions du d\u00e9cret comprennent :<\/p>\n\n<p><strong>Factures \u00e9lectroniques structur\u00e9es obligatoires<\/strong> : Les factures PDF, Excel et papier ne seront plus valables pour les transactions B2B. Toutes les factures doivent \u00eatre \u00e9mises dans des formats structur\u00e9s lisibles par machine. <\/p>\n\n<p><strong>Reporting du cycle de vie des factures<\/strong> : Les entreprises doivent communiquer le statut des factures re\u00e7ues, y compris l\u2019acceptation commerciale, le rejet et le paiement int\u00e9gral, dans un d\u00e9lai maximum de quatre jours calendaires.<\/p>\n\n<p><strong>Codes d\u2019identification uniques :<\/strong> Chaque facture \u00e9lectronique doit inclure un identifiant unique combinant le num\u00e9ro d\u2019identification fiscale (NIF) de l\u2019\u00e9metteur, le num\u00e9ro et la s\u00e9rie de la facture, ainsi que la date d\u2019\u00e9mission.<\/p>\n\n<p><strong>Signatures num\u00e9riques<\/strong> : Les factures \u00e9mises via des plateformes priv\u00e9es doivent comporter une signature \u00e9lectronique avanc\u00e9e conform\u00e9ment aux r\u00e9glementations de l\u2019UE (UE 910\/2014).<\/p>\n\n<p><strong>Interop\u00e9rabilit\u00e9 :<\/strong> Les plateformes de facturation \u00e9lectronique priv\u00e9es doivent garantir un \u00e9change de donn\u00e9es fluide avec les autres plateformes et avec la solution publique de l\u2019AEAT.<\/p>\n\n<p>Le d\u00e9cret entre en vigueur 20 jours apr\u00e8s sa publication, mais l\u2019application effective des obligations est diff\u00e9r\u00e9e jusqu\u2019\u00e0 la publication d\u2019un arr\u00eat\u00e9 minist\u00e9riel d\u00e9taillant les sp\u00e9cifications techniques, attendu avant le 1er juillet 2026.<\/p>\n\n<figure class=\"wp-block-image size-full\"><a href=\"https:\/\/www.tjc-group.com\/fr\/ressource\/votre-guide-de-a-a-z-sur-la-facturation-electronique-et-sap-drc\/\" target=\"_blank\" rel=\" noreferrer noopener\"><img loading=\"lazy\" decoding=\"async\" width=\"1200\" height=\"627\" src=\"https:\/\/www.tjc-group.com\/wp-content\/uploads\/2025\/07\/Your-A-z-guide-to-learning-about-e-invoicing-sap-drc_ENG.webp\" alt=\"Votre guide de A &#xE0; Z pour tout savoir sur la facturation &#xE9;lectronique et SAP DRC\" class=\"wp-image-41605\" srcset=\"https:\/\/www.tjc-group.com\/wp-content\/uploads\/2025\/07\/Your-A-z-guide-to-learning-about-e-invoicing-sap-drc_ENG.webp 1200w, https:\/\/www.tjc-group.com\/wp-content\/uploads\/2025\/07\/Your-A-z-guide-to-learning-about-e-invoicing-sap-drc_ENG-300x157.webp 300w, https:\/\/www.tjc-group.com\/wp-content\/uploads\/2025\/07\/Your-A-z-guide-to-learning-about-e-invoicing-sap-drc_ENG-768x401.webp 768w\" sizes=\"auto, (max-width: 1200px) 100vw, 1200px\" \/><\/a><\/figure>\n\n<h2 class=\"wp-block-heading has-text-color has-link-color wp-elements-bafcb20567b02c64e0e1d316e95e9cd9\" id=\"h-who-must-comply-with-e-invoicing-in-spain\" style=\"color:#56abda;font-style:normal;font-weight:600\">Qui doit se conformer \u00e0 la facturation \u00e9lectronique en Espagne ?<\/h2>\n\n<p>Le mandat s\u2019applique largement aux transactions B2B entre entreprises et professionnels \u00e9tablis en Espagne. Cela inclut les entreprises de toutes tailles, ainsi que les travailleurs ind\u00e9pendants (aut\u00f3nomos). <\/p>\n\n<p>Toutefois, certaines transactions sont exclues du champ d\u2019application, comme :<\/p>\n\n<ul class=\"wp-block-list\">\n<li>Les factures simplifi\u00e9es<\/li>\n\n\n\n<li>Les transactions o\u00f9 l\u2019une des parties n\u2019est pas r\u00e9sidente en Espagne<\/li>\n\n\n\n<li>Les cas o\u00f9 il n\u2019y a pas d\u2019obligation l\u00e9gale d\u2019\u00e9mettre une facture<\/li>\n<\/ul>\n\n<p>Les factures d\u00e9j\u00e0 couvertes par le cadre existant de facturation \u00e9lectronique B2G (business-to-government) via la plateforme FACe, obligatoire depuis janvier 2015<\/p>\n\n<p>Il convient de noter que la formulation large du d\u00e9cret a soulev\u00e9 des questions quant \u00e0 savoir si les entit\u00e9s non r\u00e9sidentes pourraient \u00eatre tenues d\u2019\u00e9mettre des factures \u00e9lectroniques selon les r\u00e8gles espagnoles dans certaines circonstances. Les entreprises ayant des op\u00e9rations transfrontali\u00e8res devraient demander l\u2019avis d\u2019experts sur leurs obligations sp\u00e9cifiques. <\/p>\n\n<h2 class=\"wp-block-heading has-text-color has-link-color wp-elements-bfca32c4661e10c865907e6e0020178c\" id=\"h-implementation-timeline-and-phased-rollout\" style=\"color:#56abda;font-style:normal;font-weight:600\">Calendrier de mise en \u0153uvre et d\u00e9ploiement progressif<\/h2>\n\n<p>Le calendrier de mise en conformit\u00e9 est structur\u00e9 en deux phases, d\u00e9clench\u00e9es par la publication de l\u2019arr\u00eat\u00e9 minist\u00e9riel (attendu avant le 1er juillet 2026) :<\/p>\n\n<p><strong>Phase 1<\/strong> : Si le chiffre d\u2019affaires annuel de l\u2019entreprise d\u00e9passe 8 millions d\u2019euros, elle doit se mettre en conformit\u00e9 dans les 12 mois suivant l\u2019arr\u00eat\u00e9 minist\u00e9riel. L\u2019\u00e9ch\u00e9ance approximative pour cette phase se situe vers juillet 2027.  <\/p>\n\n<p><strong>Phase 2 :<\/strong> Tous les autres entreprises et professionnels doivent se mettre en conformit\u00e9 dans les 24 mois suivant l\u2019arr\u00eat\u00e9 minist\u00e9riel. L\u2019\u00e9ch\u00e9ance approximative pour cette phase est juillet 2028.  <\/p>\n\n<p>De plus, au cours des 12 premiers mois de mise en conformit\u00e9, les grandes entreprises doivent accompagner les factures \u00e9lectroniques d\u2019une copie PDF lisible pour les destinataires n\u2019ayant pas encore adopt\u00e9 l\u2019exigence de facturation \u00e9lectronique, \u00e0 moins que les deux parties ne conviennent d\u2019un \u00e9change exclusivement au format structur\u00e9.<\/p>\n\n<p>Un d\u00e9lai suppl\u00e9mentaire de 36 mois s\u2019applique aux plus petites entreprises concernant l\u2019obligation de notifier les statuts des factures (acceptation, rejet, paiement), leur laissant plus de temps pour adapter leurs processus internes.<\/p>\n\n<h2 class=\"wp-block-heading has-text-color has-link-color wp-elements-bd7b1c994c34a1d844f9d1c3b8f0517a\" id=\"h-accepted-e-invoicing-formats-and-technical-requirements\" style=\"color:#56abda;font-style:normal;font-weight:600\">Formats de facturation \u00e9lectronique accept\u00e9s et exigences techniques<\/h2>\n\n<p><a href=\"https:\/\/www.tjc-group.com\/fr\/blogs\/choosing-the-right-e-invoicing-format-for-your-business\/\" target=\"_blank\" rel=\"noreferrer noopener\">Choisir le bon format de facturation \u00e9lectronique<\/a> est une d\u00e9cision critique pour les entreprises se pr\u00e9parant \u00e0 la conformit\u00e9. Le cadre espagnol accepte plusieurs formats structur\u00e9s align\u00e9s sur la norme europ\u00e9enne EN 16931 : <\/p>\n\n<ul class=\"wp-block-list\">\n<li><strong>UBL (Universal Business Language) :<\/strong> Un format bas\u00e9 sur XML largement adopt\u00e9 et utilis\u00e9 dans de nombreuses juridictions europ\u00e9ennes.<\/li>\n\n\n\n<li><strong>CII (Cross-Industry Invoice) :<\/strong> D\u00e9velopp\u00e9 par le CEFACT-ONU, couramment utilis\u00e9 dans le commerce international.<\/li>\n\n\n\n<li><strong>EDIFACT :<\/strong> Un format \u00e9tabli pour l\u2019\u00e9change de donn\u00e9es informatis\u00e9, particuli\u00e8rement dans les contextes de cha\u00eene d\u2019approvisionnement.<\/li>\n\n\n\n<li><strong>Facturae :<\/strong> Le format national espagnol de facturation \u00e9lectronique, d\u00e9j\u00e0 largement utilis\u00e9 dans les transactions B2G.<\/li>\n<\/ul>\n\n<p>Les principales exigences techniques comprennent :<\/p>\n\n<ul class=\"wp-block-list\">\n<li>Les factures doivent \u00eatre conformes au mod\u00e8le de donn\u00e9es s\u00e9mantiques EN 16931<\/li>\n\n\n\n<li>Des protocoles de transmission s\u00e9curis\u00e9s tels que AS2 ou AS4 doivent \u00eatre utilis\u00e9s<\/li>\n\n\n\n<li>Les plateformes priv\u00e9es doivent d\u00e9tenir la certification ISO 27001<\/li>\n<\/ul>\n\n<p>Toutes les donn\u00e9es de facturation doivent \u00eatre stock\u00e9es avec des garanties juridiques et rester disponibles au t\u00e9l\u00e9chargement pour l\u2019\u00e9metteur et le destinataire<\/p>\n\n<p>Les plateformes priv\u00e9es doivent soumettre une copie \u00e9lectronique exacte de chaque facture en syntaxe UBL \u00e0 la solution publique de l\u2019AEAT simultan\u00e9ment \u00e0 l\u2019\u00e9mission<\/p>\n\n<h2 class=\"wp-block-heading has-text-color has-link-color wp-elements-8ce1589bc32602b80a73be443a4e5766\" id=\"h-the-public-and-private-platform-model\" style=\"color:#56abda;font-style:normal;font-weight:600\">Le mod\u00e8le de plateforme publique et priv\u00e9e<\/h2>\n\n<p>L\u2019Espagne a adopt\u00e9 un mod\u00e8le hybride pour l\u2019\u00e9change de factures \u00e9lectroniques, combinant une plateforme publique gratuite avec des prestataires de services priv\u00e9s certifi\u00e9s :<\/p>\n\n<h3 class=\"wp-block-heading has-text-color has-link-color wp-elements-633d33c291ee1ad1b8becb6f59220473\" id=\"h-the-aeat-public-platform\" style=\"color:#0d589b;font-style:normal;font-weight:600\">La plateforme publique de l\u2019AEAT<\/h3>\n\n<p>L\u2019Agence fiscale espagnole fournira une application de facturation \u00e9lectronique gratuite permettant aux entreprises d\u2019\u00e9mettre, de recevoir et de suivre les factures \u00e9lectroniques. Cette plateforme sert de point d\u2019entr\u00e9e par d\u00e9faut pour les entreprises n\u2019ayant pas sp\u00e9cifi\u00e9 d\u2019alternative. L\u2019AEAT doit rendre cette solution disponible au moins deux mois avant la date d\u2019application effective du d\u00e9cret.  <\/p>\n\n<h3 class=\"wp-block-heading has-text-color has-link-color wp-elements-a41fef61b284990ecee63c3d093d808a\" id=\"h-private-e-invoicing-platforms\" style=\"color:#0d589b;font-style:normal;font-weight:600\">Plateformes de facturation \u00e9lectronique priv\u00e9es<\/h3>\n\n<p>Les entreprises peuvent choisir d\u2019utiliser des prestataires de services priv\u00e9s pour l\u2019\u00e9change de factures \u00e9lectroniques. Toutefois, ces plateformes doivent garantir une interop\u00e9rabilit\u00e9 totale, tant avec les autres plateformes priv\u00e9es qu\u2019avec la solution publique. \u00c0 la demande du client, les prestataires priv\u00e9s doivent \u00e9tablir des connexions avec d\u2019autres prestataires ou acheminer les factures via la plateforme publique de l\u2019AEAT.  <\/p>\n\n<p>Cette approche d\u00e9centralis\u00e9e refl\u00e8te les <a href=\"https:\/\/www.tjc-group.com\/fr\/blogs\/exploring-different-models-for-continuous-transactions-control\/\" target=\"_blank\" rel=\"noreferrer noopener\">mod\u00e8les de contr\u00f4le continu des transactions<\/a> adopt\u00e9s \u00e0 travers l\u2019Europe, o\u00f9 les autorit\u00e9s fiscales re\u00e7oivent les donn\u00e9es de facturation en temps quasi r\u00e9el sans n\u00e9cessairement agir comme centre de compensation central.<\/p>\n\n<div class=\"wp-block-buttons is-layout-flex wp-block-buttons-is-layout-flex\">\n<div class=\"wp-block-buttons\" style=\"text-align:center;\">\n<div class=\"wp-block-button\"><a class=\"wp-block-button__link has-background wp-element-button\" href=\"https:\/\/www.tjc-group.com\/fr\/blogs\/la-conformite-mondiale-en-2025-un-apercu-interessant-de-lavenir\/\" style=\"border-radius:39px;background-color:#9b3c90\" target=\"_blank\" rel=\"noreferrer noopener\">Conformit\u00e9 mondiale en 2025 : aper\u00e7us int\u00e9ressants sur l\u2019avenir<\/a><\/div><\/div>\n<\/div>\n\n<h2 class=\"wp-block-heading has-text-color has-link-color wp-elements-694f79d1fe2a9d27c1075d17d49f5cd7\" id=\"h-how-spain-s-mandate-aligns-with-the-eu-s-vida-directive\" style=\"color:#56abda;font-style:normal;font-weight:600\">Comment le mandat de l\u2019Espagne s\u2019aligne sur la directive europ\u00e9enne ViDA<\/h2>\n\n<p>Le cadre espagnol de la facturation \u00e9lectronique n\u2019existe pas de mani\u00e8re isol\u00e9e. La directive europ\u00e9enne <a href=\"https:\/\/www.tjc-group.com\/fr\/blogs\/quest-ce-que-la-tva-a-lere-numerique-vida\/\" target=\"_blank\" rel=\"noreferrer noopener\">ViDA<\/a>, adopt\u00e9e en mars 2025, \u00e9tablit une feuille de route paneurop\u00e9enne pour le reporting num\u00e9rique et la facturation \u00e9lectronique : <\/p>\n\n<ul class=\"wp-block-list\">\n<li><strong>Juillet 2030<\/strong> : Reporting num\u00e9rique et facturation \u00e9lectronique obligatoires pour les transactions B2B intra-UE<\/li>\n\n\n\n<li><strong>Janvier 2035 :<\/strong> Tous les syst\u00e8mes nationaux de facturation \u00e9lectronique \u00e9tablis avant 2024 doivent \u00eatre harmonis\u00e9s avec les normes de l\u2019UE<\/li>\n<\/ul>\n\n<p>Le mandat de l\u2019Espagne, bien que pr\u00e9c\u00e9dant les \u00e9ch\u00e9ances de ViDA, soul\u00e8ve des questions importantes sur la compatibilit\u00e9 \u00e0 long terme. L\u2019utilisation par le cadre espagnol de la norme EN 16931 et de formats structur\u00e9s s\u2019aligne bien avec l\u2019orientation de ViDA. Toutefois, les exigences sp\u00e9cifiques concernant le reporting du cycle de vie des factures et le mod\u00e8le de plateforme hybride pourraient devoir \u00eatre ajust\u00e9es \u00e0 mesure que le cadre de l\u2019UE m\u00fbrit.  <\/p>\n\n<p>Pour les entreprises multinationales, cela signifie que les strat\u00e9gies de conformit\u00e9 doivent tenir compte \u00e0 la fois des mandats nationaux et de l\u2019\u00e9volution du cadre \u00e0 l\u2019\u00e9chelle de l\u2019UE. Comprendre le <a href=\"https:\/\/www.tjc-group.com\/fr\/blogs\/update-the-belgian-parliament-approved-the-legislation-setting-out-a-b2b-e-invoicing-mandate\/\" target=\"_blank\" rel=\"noreferrer noopener\">mandat belge de facturation \u00e9lectronique<\/a> et d\u2019autres mises en \u0153uvre nationales parall\u00e8lement \u00e0 celui de l\u2019Espagne peut aider les organisations \u00e0 d\u00e9velopper une approche coh\u00e9rente et multi-pays. <\/p>\n\n<h3 class=\"wp-block-heading has-text-color has-link-color wp-elements-e72e05619d334d791e0ebd886e982a58\" id=\"h-penalties-for-non-compliance\" style=\"color:#0d589b;font-style:normal;font-weight:600\">Sanctions en cas de non-conformit\u00e9<\/h3>\n\n<p>L\u2019Espagne a \u00e9tabli un r\u00e9gime de sanctions clair pour faire respecter les nouvelles obligations de facturation \u00e9lectronique :<\/p>\n\n<ul class=\"wp-block-list\">\n<li>D\u00e9faut d\u2019\u00e9mission ou d\u2019acceptation de factures \u00e9lectroniques B2B structur\u00e9es : Amendes allant jusqu\u2019\u00e0 10 000 \u20ac par infraction<\/li>\n\n\n\n<li>Utilisation d\u2019un logiciel de facturation non conforme : Amendes allant jusqu\u2019\u00e0 50 000 \u20ac par exercice fiscal<\/li>\n\n\n\n<li>Fournisseurs de logiciels vendant des syst\u00e8mes non conformes : Amendes allant jusqu\u2019\u00e0 150 000 \u20ac par an et par produit<\/li>\n<\/ul>\n\n<p>Au-del\u00e0 des sanctions financi\u00e8res, l\u2019AEAT utilisera les donn\u00e9es de paiement des factures pour compiler et publier une liste des entreprises qui ne respectent pas les r\u00e9glementations espagnoles sur les retards de paiement (loi 3\/2004), cr\u00e9ant ainsi un risque r\u00e9putationnel important.<\/p>\n\n<h2 class=\"wp-block-heading has-text-color has-link-color wp-elements-f272fe9e54a6a85e831da6d1a1bf8698\" id=\"h-how-sap-drc-supports-e-invoicing-compliance-in-spain\" style=\"color:#56abda;font-style:normal;font-weight:600\">Comment SAP DRC soutient la conformit\u00e9 de la facturation \u00e9lectronique en Espagne<\/h2>\n\n<p><a href=\"https:\/\/www.tjc-group.com\/fr\/blogs\/sap-drc-tout-ce-quil-faut-savoir-consultation-et-mise-en-oeuvre-des-services-tjc-groupe\/\" target=\"_blank\" rel=\"noreferrer noopener\">SAP Document and Reporting Compliance (SAP DRC)<\/a> fournit une solution compl\u00e8te pour r\u00e9pondre aux exigences de facturation \u00e9lectronique et d\u2019e-reporting de l\u2019Espagne. SAP DRC permet aux entreprises de cr\u00e9er, traiter et surveiller la documentation transactionnelle et le reporting p\u00e9riodique, garantissant ainsi la conformit\u00e9 avec les cadres juridiques locaux. <\/p>\n\n<p>La solution comprend deux <a href=\"https:\/\/www.tjc-group.com\/fr\/blogs\/sap-drc-les-composants-qui-font-la-solution-stand-apart\/\" target=\"_blank\" rel=\"noreferrer noopener\">composants majeurs<\/a> : le syst\u00e8me de gestion (tel que <a href=\"https:\/\/www.tjc-group.com\/fr\/blogs\/tout-ce-quil-faut-savoir-sur-le-sap-s-4hana-avantages-mises-a-jour-et-gestion-des-donnees\/\" target=\"_blank\" rel=\"noreferrer noopener\">SAP S\/4HANA<\/a>) et la <a href=\"https:\/\/www.tjc-group.com\/fr\/blogs\/quest-ce-que-la-plate-forme-sap-business-technology-caracteristiques-et-avantages\/\" target=\"_blank\" rel=\"noreferrer noopener\">SAP Business Technology Platform (SAP BTP)<\/a>. Ensemble, ils permettent une int\u00e9gration compl\u00e8te avec les r\u00e9seaux de facturation et les plateformes des autorit\u00e9s fiscales, prenant en charge les formats structur\u00e9s et le reporting en temps r\u00e9el requis par le mandat espagnol. <\/p>\n\n<p>TJC Group, en tant que partenaire officiel de SAP DRC, propose une approche centr\u00e9e sur le client pour la mise en \u0153uvre de la solution. Avec plus de 25 ans d\u2019exp\u00e9rience dans la <a href=\"https:\/\/www.tjc-group.com\/fr\/blogs\/limportance-de-la-gestion-des-donnees-composantes-et-techniques-pour-un-fonctionnement-efficace-des-entreprises\/\" target=\"_blank\" rel=\"noreferrer noopener\">gestion des donn\u00e9es<\/a> et une solide exp\u00e9rience de projets r\u00e9ussis, TJC Group aide les organisations \u00e0 naviguer dans les complexit\u00e9s de <a href=\"https:\/\/www.tjc-group.com\/fr\/blogs\/tout-ce-quil-faut-savoir-sur-la-facturation-de-la-declaration-avec-sap-drc\/\" target=\"_blank\" rel=\"noreferrer noopener\">la facturation \u00e9lectronique et de l\u2019e-reporting avec SAP DRC<\/a>, garantissant une conformit\u00e9 fluide et un support apr\u00e8s la mise en service. <\/p>\n\n<h3 class=\"wp-block-heading has-text-color has-link-color wp-elements-651a7c6d0036c14e74a79724de032293\" id=\"h-practical-steps-for-businesses-to-prepare\" style=\"color:#0d589b;font-style:normal;font-weight:600\">\u00c9tapes pratiques de pr\u00e9paration pour les entreprises<\/h3>\n\n<p>L\u2019arr\u00eat\u00e9 minist\u00e9riel \u00e9tant attendu avant juillet 2026, les entreprises devraient commencer \u00e0 se pr\u00e9parer d\u00e8s maintenant. Voici les actions cl\u00e9s \u00e0 entreprendre : <\/p>\n\n<p><strong>\u00c9valuez vos processus de facturation actuels<\/strong> : Identifiez les \u00e9carts entre vos syst\u00e8mes existants et les exigences de l\u2019Espagne en mati\u00e8re de facturation \u00e9lectronique structur\u00e9e, de reporting du cycle de vie et de signatures num\u00e9riques.<\/p>\n\n<p><strong>D\u00e9terminez votre calendrier de mise en conformit\u00e9<\/strong> : \u00c9tablissez si votre organisation rel\u00e8ve de la cat\u00e9gorie de conformit\u00e9 \u00e0 12 mois (chiffre d\u2019affaires sup\u00e9rieur \u00e0 8 millions d\u2019euros) ou \u00e0 24 mois.<\/p>\n\n<p><strong>\u00c9valuez votre pile technologique<\/strong> : D\u00e9terminez si votre ERP et vos syst\u00e8mes de facturation peuvent prendre en charge les formats requis (UBL, CII, EDIFACT, Facturae) et l\u2019int\u00e9gration avec la plateforme de l\u2019AEAT. Des solutions comme <a href=\"https:\/\/www.tjc-group.com\/fr\/blogs\/resoudre-les-defis-de-la-facturation-et-de-letablissement-de-rapports-avec-lexpertise-de-sap-drc\/\" target=\"_blank\" rel=\"noreferrer noopener\">SAP DRC peuvent r\u00e9soudre efficacement les d\u00e9fis de la facturation \u00e9lectronique<\/a>. <\/p>\n\n<p><strong>Planifiez la conformit\u00e9 multi-pays<\/strong> : Si vous op\u00e9rez dans plusieurs juridictions, d\u00e9veloppez une strat\u00e9gie coh\u00e9rente qui tienne compte de l\u2019Espagne ainsi que d\u2019autres mandats en <a href=\"https:\/\/www.tjc-group.com\/fr\/blogs\/la-facturation-electronique-en-belgique-principales-mises-a-jour-de-larrete-royal\/\" target=\"_blank\" rel=\"noreferrer noopener\">Belgique<\/a>, en <a href=\"https:\/\/www.tjc-group.com\/fr\/blogs\/la-facturation-electronique-en-france-mises-a-jour-importantes-de-lete-2025\/\" target=\"_blank\" rel=\"noreferrer noopener\">France<\/a>, en <a href=\"https:\/\/www.tjc-group.com\/fr\/blogs\/la-facturation-electronique-en-allemagne-ce-quil-faut-savoir-en-2025\/\" target=\"_blank\" rel=\"noreferrer noopener\">Allemagne<\/a>, et ailleurs.<\/p>\n\n<p><strong>Engagez des partenaires experts d\u00e8s le d\u00e9but<\/strong> : Travailler avec des consultants exp\u00e9riment\u00e9s comme TJC Group vous permet de b\u00e9n\u00e9ficier d\u2019une connaissance approfondie du <a href=\"https:\/\/www.tjc-group.com\/fr\/blogs\/conformite-fiscale-mondiale-et-esg-tendances-les-plus-dernieres-pour-2024\/\" target=\"_blank\" rel=\"noreferrer noopener\">paysage mondial de la conformit\u00e9 fiscale<\/a> et des meilleures pratiques de mise en \u0153uvre sp\u00e9cifiques \u00e0 SAP.<\/p>\n\n<h2 class=\"wp-block-heading has-text-color has-link-color wp-elements-b26b7e83ec0e889e908596b57d875e83\" id=\"h-conclusion\" style=\"color:#56abda;font-style:normal;font-weight:600\">Conclusion<\/h2>\n\n<p>Le mandat de facturation \u00e9lectronique B2B de l\u2019Espagne repr\u00e9sente l\u2019un des d\u00e9veloppements les plus significatifs dans le paysage mondial de la facturation \u00e9lectronique et du reporting en 2026. La combinaison de la loi Crea y Crece et du d\u00e9cret royal 238\/2026 cr\u00e9e un \u00e9cosyst\u00e8me de facturation num\u00e9rique complet qui changera fondamentalement le mode de fonctionnement des entreprises en Espagne. <\/p>\n\n<p>La complexit\u00e9 des exigences espagnoles, des formats structur\u00e9s et des signatures num\u00e9riques au reporting du cycle de vie et \u00e0 l\u2019interop\u00e9rabilit\u00e9, exige une expertise sp\u00e9cialis\u00e9e. Les plus de 25 ans d\u2019exp\u00e9rience de TJC Group dans la gestion des donn\u00e9es et la conformit\u00e9 SAP font de nous un partenaire id\u00e9al pour ce parcours. <\/p>\n\n<p>Pr\u00eat \u00e0 relever le d\u00e9fi de la conformit\u00e9 de la facturation \u00e9lectronique en Espagne et au-del\u00e0 ? <a href=\"https:\/\/www.tjc-group.com\/fr\/contact\/\" target=\"_blank\" rel=\"noreferrer noopener\">Contactez TJC Group<\/a> d\u00e8s aujourd\u2019hui pour d\u00e9couvrir comment notre expertise SAP DRC peut vous aider \u00e0 transformer les d\u00e9fis r\u00e9glementaires en avantages strat\u00e9giques.<\/p>\n\n<div style=\"height:50px\" aria-hidden=\"true\" class=\"wp-block-spacer\"><\/div>\n\n<hr class=\"wp-block-separator has-alpha-channel-opacity\"\/>\n","protected":false},"featured_media":43749,"parent":0,"menu_order":0,"template":"","meta":{"content-type":"","footnotes":""},"blog_tag":[220,394],"class_list":["post-43750","blog","type-blog","status-publish","has-post-thumbnail","hentry","blog_tag-conformite-des-entreprises-au-gouvernement","blog_tag-e-invoicing-et-e-reporting-a-l-international"],"yoast_head":"<!-- This site is optimized with the Yoast SEO Premium plugin v27.4 (Yoast SEO v27.5) - https:\/\/yoast.com\/product\/yoast-seo-premium-wordpress\/ -->\n<title>Guide de mise en \u0153uvre de la facturation \u00e9lectronique et du reporting mondiaux en Espagne en 2026 - TJC Group<\/title>\n<meta name=\"description\" content=\"La facturation \u00e9lectronique en Espagne prenant de l\u2019ampleur, le pays est pr\u00eat \u00e0 mettre en \u0153uvre cette solution prochainement. Voici tout ce que vous devez savoir !\" \/>\n<meta name=\"robots\" content=\"index, follow, max-snippet:-1, max-image-preview:large, max-video-preview:-1\" \/>\n<link rel=\"canonical\" href=\"https:\/\/www.tjc-group.com\/fr\/blogs\/guide-de-mise-en-oeuvre-de-la-facturation-electronique-et-du-reporting-mondiaux-en-espagne-en-2026\/\" \/>\n<meta property=\"og:locale\" content=\"fr_FR\" \/>\n<meta property=\"og:type\" content=\"article\" \/>\n<meta property=\"og:title\" content=\"Guide de mise en \u0153uvre de la facturation \u00e9lectronique et du reporting mondiaux en Espagne en 2026\" \/>\n<meta property=\"og:description\" content=\"La facturation \u00e9lectronique en Espagne prenant de l\u2019ampleur, le pays est pr\u00eat \u00e0 mettre en \u0153uvre cette solution prochainement. Voici tout ce que vous devez savoir !\" \/>\n<meta property=\"og:url\" content=\"https:\/\/www.tjc-group.com\/fr\/blogs\/guide-de-mise-en-oeuvre-de-la-facturation-electronique-et-du-reporting-mondiaux-en-espagne-en-2026\/\" \/>\n<meta property=\"og:site_name\" content=\"TJC Group\" \/>\n<meta property=\"article:modified_time\" content=\"2026-05-01T06:41:42+00:00\" \/>\n<meta property=\"og:image\" content=\"https:\/\/www.tjc-group.com\/wp-content\/uploads\/2026\/04\/EN_Header_Blog_global-E-invoicing-in-Spain-in-2026-what-do-you-need-to-keep-in-mind-scaled.webp\" \/>\n\t<meta property=\"og:image:width\" content=\"2560\" \/>\n\t<meta property=\"og:image:height\" content=\"1280\" \/>\n\t<meta property=\"og:image:type\" content=\"image\/webp\" \/>\n<meta name=\"twitter:card\" content=\"summary_large_image\" \/>\n<meta name=\"twitter:site\" content=\"@tjcsoftware\" \/>\n<meta name=\"twitter:label1\" content=\"Dur\u00e9e de lecture estim\u00e9e\" \/>\n\t<meta name=\"twitter:data1\" content=\"12 minutes\" \/>\n<script type=\"application\/ld+json\" class=\"yoast-schema-graph\">{\"@context\":\"https:\\\/\\\/schema.org\",\"@graph\":[{\"@type\":\"WebPage\",\"@id\":\"https:\\\/\\\/www.tjc-group.com\\\/fr\\\/blogs\\\/guide-de-mise-en-oeuvre-de-la-facturation-electronique-et-du-reporting-mondiaux-en-espagne-en-2026\\\/\",\"url\":\"https:\\\/\\\/www.tjc-group.com\\\/fr\\\/blogs\\\/guide-de-mise-en-oeuvre-de-la-facturation-electronique-et-du-reporting-mondiaux-en-espagne-en-2026\\\/\",\"name\":\"Guide de mise en \u0153uvre de la facturation \u00e9lectronique et du reporting mondiaux en Espagne en 2026 - TJC Group\",\"isPartOf\":{\"@id\":\"https:\\\/\\\/www.tjc-group.com\\\/fr\\\/#website\"},\"primaryImageOfPage\":{\"@id\":\"https:\\\/\\\/www.tjc-group.com\\\/fr\\\/blogs\\\/guide-de-mise-en-oeuvre-de-la-facturation-electronique-et-du-reporting-mondiaux-en-espagne-en-2026\\\/#primaryimage\"},\"image\":{\"@id\":\"https:\\\/\\\/www.tjc-group.com\\\/fr\\\/blogs\\\/guide-de-mise-en-oeuvre-de-la-facturation-electronique-et-du-reporting-mondiaux-en-espagne-en-2026\\\/#primaryimage\"},\"thumbnailUrl\":\"https:\\\/\\\/www.tjc-group.com\\\/wp-content\\\/uploads\\\/2026\\\/04\\\/EN_Header_Blog_global-E-invoicing-in-Spain-in-2026-what-do-you-need-to-keep-in-mind-scaled.webp\",\"datePublished\":\"2026-04-17T07:16:13+00:00\",\"dateModified\":\"2026-05-01T06:41:42+00:00\",\"description\":\"La facturation \u00e9lectronique en Espagne prenant de l\u2019ampleur, le pays est pr\u00eat \u00e0 mettre en \u0153uvre cette solution prochainement. Voici tout ce que vous devez savoir !\",\"breadcrumb\":{\"@id\":\"https:\\\/\\\/www.tjc-group.com\\\/fr\\\/blogs\\\/guide-de-mise-en-oeuvre-de-la-facturation-electronique-et-du-reporting-mondiaux-en-espagne-en-2026\\\/#breadcrumb\"},\"inLanguage\":\"fr-FR\",\"potentialAction\":[{\"@type\":\"ReadAction\",\"target\":[\"https:\\\/\\\/www.tjc-group.com\\\/fr\\\/blogs\\\/guide-de-mise-en-oeuvre-de-la-facturation-electronique-et-du-reporting-mondiaux-en-espagne-en-2026\\\/\"]}],\"accessibilityFeature\":[\"tableOfContents\"]},{\"@type\":\"ImageObject\",\"inLanguage\":\"fr-FR\",\"@id\":\"https:\\\/\\\/www.tjc-group.com\\\/fr\\\/blogs\\\/guide-de-mise-en-oeuvre-de-la-facturation-electronique-et-du-reporting-mondiaux-en-espagne-en-2026\\\/#primaryimage\",\"url\":\"https:\\\/\\\/www.tjc-group.com\\\/wp-content\\\/uploads\\\/2026\\\/04\\\/EN_Header_Blog_global-E-invoicing-in-Spain-in-2026-what-do-you-need-to-keep-in-mind-scaled.webp\",\"contentUrl\":\"https:\\\/\\\/www.tjc-group.com\\\/wp-content\\\/uploads\\\/2026\\\/04\\\/EN_Header_Blog_global-E-invoicing-in-Spain-in-2026-what-do-you-need-to-keep-in-mind-scaled.webp\",\"width\":2560,\"height\":1280,\"caption\":\"Guide de mise en \u0153uvre de la facturation \u00e9lectronique et du reporting mondiaux en Espagne en 2026\"},{\"@type\":\"BreadcrumbList\",\"@id\":\"https:\\\/\\\/www.tjc-group.com\\\/fr\\\/blogs\\\/guide-de-mise-en-oeuvre-de-la-facturation-electronique-et-du-reporting-mondiaux-en-espagne-en-2026\\\/#breadcrumb\",\"itemListElement\":[{\"@type\":\"ListItem\",\"position\":1,\"name\":\"Home\",\"item\":\"https:\\\/\\\/www.tjc-group.com\\\/fr\\\/\"},{\"@type\":\"ListItem\",\"position\":2,\"name\":\"Blog\",\"item\":\"https:\\\/\\\/www.tjc-group.com\\\/fr\\\/blogs\\\/\"},{\"@type\":\"ListItem\",\"position\":3,\"name\":\"Guide de mise en \u0153uvre de la facturation \u00e9lectronique et du reporting mondiaux en Espagne en 2026\"}]},{\"@type\":\"WebSite\",\"@id\":\"https:\\\/\\\/www.tjc-group.com\\\/fr\\\/#website\",\"url\":\"https:\\\/\\\/www.tjc-group.com\\\/fr\\\/\",\"name\":\"TJC Group\",\"description\":\"\",\"publisher\":{\"@id\":\"https:\\\/\\\/www.tjc-group.com\\\/fr\\\/#organization\"},\"potentialAction\":[{\"@type\":\"SearchAction\",\"target\":{\"@type\":\"EntryPoint\",\"urlTemplate\":\"https:\\\/\\\/www.tjc-group.com\\\/fr\\\/?s={search_term_string}\"},\"query-input\":{\"@type\":\"PropertyValueSpecification\",\"valueRequired\":true,\"valueName\":\"search_term_string\"}}],\"inLanguage\":\"fr-FR\"},{\"@type\":\"Organization\",\"@id\":\"https:\\\/\\\/www.tjc-group.com\\\/fr\\\/#organization\",\"name\":\"TJC Group\",\"url\":\"https:\\\/\\\/www.tjc-group.com\\\/fr\\\/\",\"logo\":{\"@type\":\"ImageObject\",\"inLanguage\":\"fr-FR\",\"@id\":\"https:\\\/\\\/www.tjc-group.com\\\/fr\\\/#\\\/schema\\\/logo\\\/image\\\/\",\"url\":\"https:\\\/\\\/www.tjc-group.com\\\/wp-content\\\/uploads\\\/2021\\\/05\\\/logo.svg\",\"contentUrl\":\"https:\\\/\\\/www.tjc-group.com\\\/wp-content\\\/uploads\\\/2021\\\/05\\\/logo.svg\",\"caption\":\"TJC Group\"},\"image\":{\"@id\":\"https:\\\/\\\/www.tjc-group.com\\\/fr\\\/#\\\/schema\\\/logo\\\/image\\\/\"},\"sameAs\":[\"https:\\\/\\\/x.com\\\/tjcsoftware\",\"https:\\\/\\\/www.linkedin.com\\\/company\\\/tjc-group\",\"https:\\\/\\\/www.youtube.com\\\/tjcgroup\"]}]}<\/script>\n<!-- \/ Yoast SEO Premium plugin. -->","yoast_head_json":{"title":"Guide de mise en \u0153uvre de la facturation \u00e9lectronique et du reporting mondiaux en Espagne en 2026 - TJC Group","description":"La facturation \u00e9lectronique en Espagne prenant de l\u2019ampleur, le pays est pr\u00eat \u00e0 mettre en \u0153uvre cette solution prochainement. Voici tout ce que vous devez savoir !","robots":{"index":"index","follow":"follow","max-snippet":"max-snippet:-1","max-image-preview":"max-image-preview:large","max-video-preview":"max-video-preview:-1"},"canonical":"https:\/\/www.tjc-group.com\/fr\/blogs\/guide-de-mise-en-oeuvre-de-la-facturation-electronique-et-du-reporting-mondiaux-en-espagne-en-2026\/","og_locale":"fr_FR","og_type":"article","og_title":"Guide de mise en \u0153uvre de la facturation \u00e9lectronique et du reporting mondiaux en Espagne en 2026","og_description":"La facturation \u00e9lectronique en Espagne prenant de l\u2019ampleur, le pays est pr\u00eat \u00e0 mettre en \u0153uvre cette solution prochainement. Voici tout ce que vous devez savoir !","og_url":"https:\/\/www.tjc-group.com\/fr\/blogs\/guide-de-mise-en-oeuvre-de-la-facturation-electronique-et-du-reporting-mondiaux-en-espagne-en-2026\/","og_site_name":"TJC Group","article_modified_time":"2026-05-01T06:41:42+00:00","og_image":[{"width":2560,"height":1280,"url":"https:\/\/www.tjc-group.com\/wp-content\/uploads\/2026\/04\/EN_Header_Blog_global-E-invoicing-in-Spain-in-2026-what-do-you-need-to-keep-in-mind-scaled.webp","type":"image\/webp"}],"twitter_card":"summary_large_image","twitter_site":"@tjcsoftware","twitter_misc":{"Dur\u00e9e de lecture estim\u00e9e":"12 minutes"},"schema":{"@context":"https:\/\/schema.org","@graph":[{"@type":"WebPage","@id":"https:\/\/www.tjc-group.com\/fr\/blogs\/guide-de-mise-en-oeuvre-de-la-facturation-electronique-et-du-reporting-mondiaux-en-espagne-en-2026\/","url":"https:\/\/www.tjc-group.com\/fr\/blogs\/guide-de-mise-en-oeuvre-de-la-facturation-electronique-et-du-reporting-mondiaux-en-espagne-en-2026\/","name":"Guide de mise en \u0153uvre de la facturation \u00e9lectronique et du reporting mondiaux en Espagne en 2026 - TJC Group","isPartOf":{"@id":"https:\/\/www.tjc-group.com\/fr\/#website"},"primaryImageOfPage":{"@id":"https:\/\/www.tjc-group.com\/fr\/blogs\/guide-de-mise-en-oeuvre-de-la-facturation-electronique-et-du-reporting-mondiaux-en-espagne-en-2026\/#primaryimage"},"image":{"@id":"https:\/\/www.tjc-group.com\/fr\/blogs\/guide-de-mise-en-oeuvre-de-la-facturation-electronique-et-du-reporting-mondiaux-en-espagne-en-2026\/#primaryimage"},"thumbnailUrl":"https:\/\/www.tjc-group.com\/wp-content\/uploads\/2026\/04\/EN_Header_Blog_global-E-invoicing-in-Spain-in-2026-what-do-you-need-to-keep-in-mind-scaled.webp","datePublished":"2026-04-17T07:16:13+00:00","dateModified":"2026-05-01T06:41:42+00:00","description":"La facturation \u00e9lectronique en Espagne prenant de l\u2019ampleur, le pays est pr\u00eat \u00e0 mettre en \u0153uvre cette solution prochainement. Voici tout ce que vous devez savoir !","breadcrumb":{"@id":"https:\/\/www.tjc-group.com\/fr\/blogs\/guide-de-mise-en-oeuvre-de-la-facturation-electronique-et-du-reporting-mondiaux-en-espagne-en-2026\/#breadcrumb"},"inLanguage":"fr-FR","potentialAction":[{"@type":"ReadAction","target":["https:\/\/www.tjc-group.com\/fr\/blogs\/guide-de-mise-en-oeuvre-de-la-facturation-electronique-et-du-reporting-mondiaux-en-espagne-en-2026\/"]}],"accessibilityFeature":["tableOfContents"]},{"@type":"ImageObject","inLanguage":"fr-FR","@id":"https:\/\/www.tjc-group.com\/fr\/blogs\/guide-de-mise-en-oeuvre-de-la-facturation-electronique-et-du-reporting-mondiaux-en-espagne-en-2026\/#primaryimage","url":"https:\/\/www.tjc-group.com\/wp-content\/uploads\/2026\/04\/EN_Header_Blog_global-E-invoicing-in-Spain-in-2026-what-do-you-need-to-keep-in-mind-scaled.webp","contentUrl":"https:\/\/www.tjc-group.com\/wp-content\/uploads\/2026\/04\/EN_Header_Blog_global-E-invoicing-in-Spain-in-2026-what-do-you-need-to-keep-in-mind-scaled.webp","width":2560,"height":1280,"caption":"Guide de mise en \u0153uvre de la facturation \u00e9lectronique et du reporting mondiaux en Espagne en 2026"},{"@type":"BreadcrumbList","@id":"https:\/\/www.tjc-group.com\/fr\/blogs\/guide-de-mise-en-oeuvre-de-la-facturation-electronique-et-du-reporting-mondiaux-en-espagne-en-2026\/#breadcrumb","itemListElement":[{"@type":"ListItem","position":1,"name":"Home","item":"https:\/\/www.tjc-group.com\/fr\/"},{"@type":"ListItem","position":2,"name":"Blog","item":"https:\/\/www.tjc-group.com\/fr\/blogs\/"},{"@type":"ListItem","position":3,"name":"Guide de mise en \u0153uvre de la facturation \u00e9lectronique et du reporting mondiaux en Espagne en 2026"}]},{"@type":"WebSite","@id":"https:\/\/www.tjc-group.com\/fr\/#website","url":"https:\/\/www.tjc-group.com\/fr\/","name":"TJC Group","description":"","publisher":{"@id":"https:\/\/www.tjc-group.com\/fr\/#organization"},"potentialAction":[{"@type":"SearchAction","target":{"@type":"EntryPoint","urlTemplate":"https:\/\/www.tjc-group.com\/fr\/?s={search_term_string}"},"query-input":{"@type":"PropertyValueSpecification","valueRequired":true,"valueName":"search_term_string"}}],"inLanguage":"fr-FR"},{"@type":"Organization","@id":"https:\/\/www.tjc-group.com\/fr\/#organization","name":"TJC Group","url":"https:\/\/www.tjc-group.com\/fr\/","logo":{"@type":"ImageObject","inLanguage":"fr-FR","@id":"https:\/\/www.tjc-group.com\/fr\/#\/schema\/logo\/image\/","url":"https:\/\/www.tjc-group.com\/wp-content\/uploads\/2021\/05\/logo.svg","contentUrl":"https:\/\/www.tjc-group.com\/wp-content\/uploads\/2021\/05\/logo.svg","caption":"TJC Group"},"image":{"@id":"https:\/\/www.tjc-group.com\/fr\/#\/schema\/logo\/image\/"},"sameAs":["https:\/\/x.com\/tjcsoftware","https:\/\/www.linkedin.com\/company\/tjc-group","https:\/\/www.youtube.com\/tjcgroup"]}]}},"_links":{"self":[{"href":"https:\/\/www.tjc-group.com\/fr\/wp-json\/wp\/v2\/blog\/43750","targetHints":{"allow":["GET"]}}],"collection":[{"href":"https:\/\/www.tjc-group.com\/fr\/wp-json\/wp\/v2\/blog"}],"about":[{"href":"https:\/\/www.tjc-group.com\/fr\/wp-json\/wp\/v2\/types\/blog"}],"version-history":[{"count":1,"href":"https:\/\/www.tjc-group.com\/fr\/wp-json\/wp\/v2\/blog\/43750\/revisions"}],"predecessor-version":[{"id":43751,"href":"https:\/\/www.tjc-group.com\/fr\/wp-json\/wp\/v2\/blog\/43750\/revisions\/43751"}],"wp:featuredmedia":[{"embeddable":true,"href":"https:\/\/www.tjc-group.com\/fr\/wp-json\/wp\/v2\/media\/43749"}],"wp:attachment":[{"href":"https:\/\/www.tjc-group.com\/fr\/wp-json\/wp\/v2\/media?parent=43750"}],"wp:term":[{"taxonomy":"blog_tag","embeddable":true,"href":"https:\/\/www.tjc-group.com\/fr\/wp-json\/wp\/v2\/blog_tag?post=43750"}],"curies":[{"name":"wp","href":"https:\/\/api.w.org\/{rel}","templated":true}]}}