{"id":41556,"date":"2025-07-22T20:52:10","date_gmt":"2025-07-22T15:22:10","guid":{"rendered":"https:\/\/www.tjc-group.com\/blogs\/la-facturation-electronique-en-belgique-principales-mises-a-jour-de-larrete-royal\/"},"modified":"2025-07-23T18:37:31","modified_gmt":"2025-07-23T13:07:31","slug":"la-facturation-electronique-en-belgique-principales-mises-a-jour-de-larrete-royal","status":"publish","type":"blog","link":"https:\/\/www.tjc-group.com\/fr\/blogs\/la-facturation-electronique-en-belgique-principales-mises-a-jour-de-larrete-royal\/","title":{"rendered":"La facturation \u00e9lectronique en Belgique : Principales mises \u00e0 jour de l&#8217;arr\u00eat\u00e9 royal"},"content":{"rendered":"\n<p class=\"has-text-color has-link-color wp-elements-b33587c504d3cc5572028befabf3d4a9\" style=\"color:#00be92;font-style:normal;font-weight:600\"><em>Auteur : <a href=\"https:\/\/www.linkedin.com\/in\/priyasha-purkayastha-07730a63\/\" target=\"_blank\" rel=\"noreferrer noopener\">Priyasha Purkayastha, Responsable du contenu mondial, TJC Group<\/a> | Consultant : <a href=\"https:\/\/www.linkedin.com\/in\/patchanok-kluabkaew-6856754b\/\" target=\"_blank\" rel=\"noreferrer noopener\">Patchanok K, Responsable B2G, TJC Group<\/a><\/em><\/p>\n\n<p class=\"has-text-color has-link-color wp-elements-fa772c568e65a274cdcdc3e94e0fb428\" style=\"color:#0d589b;font-style:normal;font-weight:600\"><em>Le cadre technique et proc\u00e9dural a \u00e9t\u00e9 fix\u00e9 par le dernier arr\u00eat\u00e9 royal du gouvernement belge. \u00c0 partir du<sup>1er<\/sup> janvier 2026, les organisations devront obligatoirement mettre en \u0153uvre la facturation \u00e9lectronique interentreprises en Belgique. Selon le d\u00e9cret mis \u00e0 jour, il \u00e9largit les lois existantes sur la facturation \u00e9lectronique, en alignant le mandat sur les exigences de l&#8217;UE en mati\u00e8re de VAT in the Digital Age (ViDA). En outre, l&#8217;arr\u00eat\u00e9 royal confirme \u00e9galement les principales r\u00e8gles relatives \u00e0 la facturation \u00e9lectronique structur\u00e9e entre assujettis en Belgique.   <\/em><\/p>\n\n<div class=\"wp-block-yoast-seo-table-of-contents yoast-table-of-contents\"><h2>Table des mati\u00e8res<\/h2><ul><li><a href=\"#h-introduction\" data-level=\"2\">Introduction<\/a><\/li><li><a href=\"#h-e-invoicing-in-belgium-key-takeaways-from-the-latest-royal-decree\" data-level=\"2\">La facturation \u00e9lectronique en Belgique : Principaux enseignements du dernier arr\u00eat\u00e9 royal<\/a><ul><li><a href=\"#h-peppol-bis-standard\" data-level=\"3\">PEPPOL Norme BIS<\/a><\/li><li><a href=\"#h-the-vat-rounding-rules-for-e-invoicing\" data-level=\"3\">Les r\u00e8gles d&#8217;arrondi de la TVA pour la facturation \u00e9lectronique<\/a><\/li><li><a href=\"#h-penalties-pertaining-to-the-new-mandate\" data-level=\"3\">P\u00e9nalit\u00e9s li\u00e9es au nouveau mandat<\/a><\/li><li><a href=\"#h-october-2021-belgium-announces-its-plan-for-e-invoicing\" data-level=\"3\">Octobre 2021 : La Belgique annonce son plan pour la facturation \u00e9lectronique<\/a><\/li><li><a href=\"#h-november-2022-taking-the-first-step-towards-e-invoicing\" data-level=\"3\">Novembre 2022 : Faire le premier pas vers la facturation \u00e9lectronique<\/a><\/li><li><a href=\"#h-march-2023-e-invoicing-in-belgium-for-b2g-broadens\" data-level=\"3\">Mars 2023 : La facturation \u00e9lectronique en Belgique pour le B2G s&#8217;\u00e9largit<\/a><\/li><li><a href=\"#h-december-2023-the-drafting-of-the-e-invoicing-law\" data-level=\"3\">D\u00e9cembre 2023 : L&#8217;\u00e9laboration de la loi sur la facturation \u00e9lectronique<\/a><\/li><li><a href=\"#h-july-2025-belgium-confirms-e-invoicing-for-b2b\" data-level=\"3\">Juillet 2025 : La Belgique confirme la facturation \u00e9lectronique pour le B2B<\/a><\/li><\/ul><\/li><li><a href=\"#h-global-e-invoicing-and-reporting-with-sap-drc\" data-level=\"2\">Facturation \u00e9lectronique globale et reporting avec SAP DRC<\/a><\/li><li><a href=\"#h-conclusion\" data-level=\"2\">Conclusion<\/a><\/li><li><a href=\"#h-e-invoicing-in-2025-round-the-world-updates\" data-level=\"2\">La facturation \u00e9lectronique en 2025 : Mise \u00e0 jour du tour du monde<\/a><\/li><\/ul><\/div>\n\n<h2 class=\"wp-block-heading has-text-color has-link-color wp-elements-e2fc5ee95eaffc64bf0205be8e563ac8\" id=\"h-introduction\" style=\"color:#56abda;font-style:normal;font-weight:600\">Introduction<\/h2>\n\n<p>La Belgique a r\u00e9cemment rejoint la liste des pays qui mettent en \u0153uvre la <strong>facturation et le reporting \u00e9lectroniques \u00e0 l&#8217;\u00e9chelle mondiale<\/strong>. Le pays a r\u00e9cemment mis \u00e0 jour son arr\u00eat\u00e9 royal stipulant que la facturation \u00e9lectronique interentreprises entrera obligatoirement en vigueur \u00e0 partir du<sup>1er<\/sup> janvier 2026. En outre, le d\u00e9cret \u00e9nonce \u00e9galement les <a href=\"https:\/\/www.tjc-group.com\/fr\/blogs\/facturation-electronique-et-declaration-electronique-des-conducteurs\/\" target=\"_blank\" rel=\"noreferrer noopener\">normes<\/a> requises pour la syntaxe, la s\u00e9mantique et les m\u00e9thodes de transmission. En outre, il d\u00e9taille les nouvelles p\u00e9nalit\u00e9s que les organisations peuvent \u00eatre amen\u00e9es \u00e0 payer en cas de divergence. En outre, l&#8217;arr\u00eat\u00e9 royal belge s&#8217;aligne sur la r\u00e9glementation ViDA de l&#8217;UE ; par cons\u00e9quent, les organisations et les contribuables doivent \u00e9galement s&#8217;assurer qu&#8217;ils sont en ligne avec les exigences des normes de la <a href=\"https:\/\/www.tjc-group.com\/fr\/blogs\/vat-in-the-digital-age-relever-les-defis-techniques-des-systemes-sap\/\" target=\"_blank\" rel=\"noreferrer noopener\">VAT in the Digital Age<\/a>.    <\/p>\n\n<h2 class=\"wp-block-heading has-text-color has-link-color wp-elements-58941869cfa9fccd56f9d139eefd0123\" id=\"h-e-invoicing-in-belgium-key-takeaways-from-the-latest-royal-decree\" style=\"color:#56abda;font-style:normal;font-weight:600\">La facturation \u00e9lectronique en Belgique : Principaux enseignements du dernier arr\u00eat\u00e9 royal<\/h2>\n\n<h3 class=\"wp-block-heading has-text-color has-link-color wp-elements-2266019a3554bb37b78c2ccfa099ac72\" id=\"h-peppol-bis-standard\" style=\"color:#0d589b;font-style:normal;font-weight:600\">PEPPOL Norme BIS<\/h3>\n\n<figure class=\"wp-block-image size-large\"><a href=\"https:\/\/www.tjc-group.com\/fr\/blogs\/facturation-electronique-et-declaration-electronique-des-conducteurs\/\" target=\"_blank\" rel=\" noreferrer noopener\"><img loading=\"lazy\" decoding=\"async\" width=\"902\" height=\"1440\" src=\"https:\/\/www.tjc-group.com\/wp-content\/uploads\/2023\/11\/8-Popular-formats-of-e-invoicing-and-e-reporting-902x1440.webp\" alt=\"The different formats for e-invoicing and e-reporting\" class=\"wp-image-39383\" srcset=\"https:\/\/www.tjc-group.com\/wp-content\/uploads\/2023\/11\/8-Popular-formats-of-e-invoicing-and-e-reporting-902x1440.webp 902w, https:\/\/www.tjc-group.com\/wp-content\/uploads\/2023\/11\/8-Popular-formats-of-e-invoicing-and-e-reporting-188x300.webp 188w, https:\/\/www.tjc-group.com\/wp-content\/uploads\/2023\/11\/8-Popular-formats-of-e-invoicing-and-e-reporting-768x1226.webp 768w, https:\/\/www.tjc-group.com\/wp-content\/uploads\/2023\/11\/8-Popular-formats-of-e-invoicing-and-e-reporting-962x1536.webp 962w, https:\/\/www.tjc-group.com\/wp-content\/uploads\/2023\/11\/8-Popular-formats-of-e-invoicing-and-e-reporting.webp 1000w\" sizes=\"auto, (max-width: 902px) 100vw, 902px\" \/><\/a><\/figure>\n\n<p>Le nouveau d\u00e9cret pr\u00e9voit l&#8217;utilisation de PEPPOL BIS comme format standard ; toutefois, d&#8217;autres formats sont autoris\u00e9s, \u00e0 condition qu&#8217;ils soient conformes aux normes europ\u00e9ennes en mati\u00e8re de facturation \u00e9lectronique (EN 16931). Gardez \u00e0 l&#8217;esprit que pour la <strong>facturation \u00e9lectronique en Belgique<\/strong>, les organisations ne peuvent pas ignorer le format PEPPOL BIS &#8211; ce qui signifie que m\u00eame si un autre format est utilis\u00e9, les entreprises doivent toujours \u00eatre techniquement capables d&#8217;envoyer et de recevoir des factures \u00e9lectroniques structur\u00e9es dans le format PEPPOL BIS susmentionn\u00e9. En outre, l&#8217;arr\u00eat\u00e9 royal confirme que le <a href=\"https:\/\/www.tjc-group.com\/fr\/blogs\/facturation-electronique-et-declaration-electronique-des-conducteurs\/\" target=\"_blank\" rel=\"noreferrer noopener\">r\u00e9seau PEPPOL<\/a> sera l&#8217;\u00e9pine dorsale de la d\u00e9claration \u00e9lectronique, qui devrait entrer en vigueur en 2028 pour les transactions nationales.  <\/p>\n\n<h3 class=\"wp-block-heading has-text-color has-link-color wp-elements-5064b4214e924d629f8f0465d97e774d\" id=\"h-the-vat-rounding-rules-for-e-invoicing\" style=\"color:#0d589b;font-style:normal;font-weight:600\">Les r\u00e8gles d&#8217;arrondi de la TVA pour la facturation \u00e9lectronique<\/h3>\n\n<p>L&#8217;un des changements les plus importants apport\u00e9s par le nouveau d\u00e9cret belge sur <strong>la facturation \u00e9lectronique<\/strong> concerne les r\u00e8gles d&#8217;arrondi pour la TVA. Jusqu&#8217;\u00e0 pr\u00e9sent, les entreprises calculent la TVA au niveau des lignes (c&#8217;est-\u00e0-dire par ligne ou par taux) dans leur ERP ou leur logiciel de facturation. \u00c0 partir du<sup>1er<\/sup> janvier 2026, les organisations devront veiller \u00e0 ce que l&#8217;<a href=\"https:\/\/www.tjc-group.com\/fr\/blogs\/vat-in-the-digital-age-relever-les-defis-techniques-des-systemes-sap\/\" target=\"_blank\" rel=\"noreferrer noopener\">arrondi de la TVA se limite<\/a> au montant total et non plus \u00e0 chaque ligne. En fait, cette nouvelle r\u00e9glementation fait ses adieux aux pratiques actuelles d&#8217;arrondi par article pour faciliter la comptabilit\u00e9. En outre, cette nouvelle modification des r\u00e8gles d&#8217;arrondi de la TVA contribue \u00e0 garantir la coh\u00e9rence et la pr\u00e9cision du traitement automatis\u00e9.    <\/p>\n\n<h3 class=\"wp-block-heading has-text-color has-link-color wp-elements-daf21273039499cfc85ca4b81bd9c315\" id=\"h-penalties-pertaining-to-the-new-mandate\" style=\"color:#0d589b;font-style:normal;font-weight:600\">P\u00e9nalit\u00e9s li\u00e9es au nouveau mandat<\/h3>\n\n<p>Pour une <strong>facturation \u00e9lectronique<\/strong> fluide et rationalis\u00e9e <strong>en Belgique<\/strong>, les organisations doivent veiller \u00e0 respecter les r\u00e8gles \u00e9nonc\u00e9es dans le nouvel arr\u00eat\u00e9 royal. Le non-respect de la r\u00e9glementation entra\u00eenera de lourdes p\u00e9nalit\u00e9s et sanctions que les organisations devront payer. En effet, outre les sanctions existantes en cas de non-conformit\u00e9, telles que l&#8217;absence d&#8217;\u00e9mission de factures \u00e9lectroniques dans les d\u00e9lais impartis, le dernier arr\u00eat\u00e9 pr\u00e9voit de nouvelles sanctions non proportionnelles. Les nouvelles sanctions sont principalement introduites pour les organisations qui ne respectent pas l&#8217;obligation de poss\u00e9der les moyens techniques d&#8217;envoyer et de recevoir des factures \u00e9lectroniques. Les nouvelles sanctions sont les suivantes &#8211;    <\/p>\n\n<ul class=\"wp-block-list\">\n<li>Pour une premi\u00e8re infraction, les organisations se verront infliger une amende de 1 500 euros.<\/li>\n\n\n\n<li>En cas de r\u00e9cidive, les organisations se verront infliger une amende de 3 000 euros.<\/li>\n\n\n\n<li>En cas de r\u00e9cidive, les organisations se verront infliger une amende de 5 000 euros.<\/li>\n<\/ul>\n\n<p>Les autorit\u00e9s fiscales et de <strong>facturation \u00e9lectronique<\/strong> accorderont un d\u00e9lai de gr\u00e2ce de trois mois aux organisations pour rectifier leurs syst\u00e8mes. Si les syst\u00e8mes ne sont pas rectifi\u00e9s dans les trois mois, les organisations risquent de se voir infliger de nouvelles sanctions par les autorit\u00e9s. Ceci \u00e9tant dit, n&#8217;oubliez pas que les autres probl\u00e8mes de non-conformit\u00e9, tels que le format incorrect, la d\u00e9livrance tardive, etc., seront sanctionn\u00e9s dans le cadre des amendes existantes en mati\u00e8re de TVA.  <\/p>\n\n<h2 class=\"wp-block-heading has-text-color has-link-color wp-elements-4103ef39bace605531dd4d6d2c8d216c\" style=\"color:#56abda;font-style:normal;font-weight:600\">Facturation et d\u00e9claration \u00e9lectroniques globales en Belgique : Le calendrier de mise en \u0153uvre<\/h2>\n\n<p>La planification de la <strong>facturation \u00e9lectronique en Belgique<\/strong> est entr\u00e9e en vigueur en 2021. Voici le calendrier de la <a href=\"https:\/\/www.tjc-group.com\/fr\/blogs\/la-facturation-electronique-en-allemagne-ce-quil-faut-savoir-en-2025\/\" target=\"_blank\" rel=\"noreferrer noopener\">mise en \u0153uvre de la facturation et de la d\u00e9claration \u00e9lectroniques<\/a> dans le pays. <\/p>\n\n<h3 class=\"wp-block-heading has-text-color has-link-color wp-elements-cc4b875105601c939d0cf6f8bd1a4460\" id=\"h-october-2021-belgium-announces-its-plan-for-e-invoicing\" style=\"color:#0d589b;font-style:normal;font-weight:600\">Octobre 2021 : La Belgique annonce son plan pour la facturation \u00e9lectronique<\/h3>\n\n<p>Dans le cadre de l&#8217;accord budg\u00e9taire 2022, le ministre belge des finances a publi\u00e9 une note politique affirmant les plans du gouvernement pour mettre en \u0153uvre la <strong>facturation \u00e9lectronique globale et le reporting<\/strong> pour les transactions B2B de mani\u00e8re obligatoire. Cette mesure est conforme aux intentions du gouvernement belge de combler le <a href=\"https:\/\/www.tjc-group.com\/fr\/blogs\/vat-in-the-digital-age-relever-les-defis-techniques-des-systemes-sap\/\" target=\"_blank\" rel=\"noreferrer noopener\">d\u00e9ficit de TVA du pays<\/a>, estim\u00e9 \u00e0 4,4 milliards d&#8217;euros (12,3 % de la TVA perdue) en 2019. <\/p>\n\n<h3 class=\"wp-block-heading has-text-color has-link-color wp-elements-202c893c170be3550d8c07fff6ac6f96\" id=\"h-november-2022-taking-the-first-step-towards-e-invoicing\" style=\"color:#0d589b;font-style:normal;font-weight:600\">Novembre 2022 : Faire le premier pas vers la facturation \u00e9lectronique<\/h3>\n\n<p>Il est int\u00e9ressant de noter que le gouvernement belge a introduit la facturation \u00e9lectronique pour les transactions entre entreprises et administrations (B2G), la rendant <a href=\"https:\/\/www.tjc-group.com\/fr\/blogs\/7-facons-dont-la-facturation-electornique-et-le-reporting-apportent-une-reelle-valeur-ajoutee-au-entreprises\/\" target=\"_blank\" rel=\"noreferrer noopener\">obligatoire pour les march\u00e9s publics<\/a> de plus de 215 000 euros. En outre, le gouvernement a \u00e9galement introduit PEPPOL dans ses transactions, en faisant une norme que les factures \u00e9lectroniques structur\u00e9es doivent \u00eatre \u00e9mises par le r\u00e9seau PEPPOL. <\/p>\n\n<div class=\"wp-block-buttons is-content-justification-center is-layout-flex wp-container-core-buttons-is-layout-16018d1d wp-block-buttons-is-layout-flex\">\n<div class=\"wp-block-button\"><a class=\"wp-block-button__link has-background has-text-align-center wp-element-button\" href=\"https:\/\/www.tjc-group.com\/fr\/blogs\/facturation-electronique-et-declaration-electronique-des-conducteurs\/\" style=\"border-radius:60px;background-color:#9b3c90\" target=\"_blank\" rel=\"noreferrer noopener\"><em>Facturation et d\u00e9claration \u00e9lectroniques : Facteurs, d\u00e9ploiement, formats \u00e0 conna\u00eetre<\/em><\/a><\/div>\n<\/div>\n\n<h3 class=\"wp-block-heading has-text-color has-link-color wp-elements-bbdb0b56c936b5897bbef5d76dac6c99\" id=\"h-march-2023-e-invoicing-in-belgium-for-b2g-broadens\" style=\"color:#0d589b;font-style:normal;font-weight:600\">Mars 2023 : La facturation \u00e9lectronique en Belgique pour le B2G s&#8217;\u00e9largit<\/h3>\n\n<p>En mars 2023, le gouvernement belge \u00e9largit son mandat B2G \u00e0 la plupart des march\u00e9s publics, c&#8217;est-\u00e0-dire aux march\u00e9s inf\u00e9rieurs et sup\u00e9rieurs \u00e0 215 000 euros. En outre, la soumission de factures \u00e9lectroniques dans un format structur\u00e9 a \u00e9t\u00e9 rendue obligatoire, avec l&#8217;exigence suppl\u00e9mentaire qu&#8217;elle soit conforme aux normes <strong>globales<\/strong> de <strong>facturation \u00e9lectronique et de reporting de<\/strong> l&#8217;UE (EN 16931). <\/p>\n\n<h3 class=\"wp-block-heading has-text-color has-link-color wp-elements-7e80e9f158ee534420ffcb04dea63e01\" id=\"h-december-2023-the-drafting-of-the-e-invoicing-law\" style=\"color:#0d589b;font-style:normal;font-weight:600\">D\u00e9cembre 2023 : L&#8217;\u00e9laboration de la loi sur la facturation \u00e9lectronique<\/h3>\n\n<p>En d\u00e9cembre 2023, les autorit\u00e9s belges ont propos\u00e9 un projet de loi visant \u00e0 modifier le code de la TVA afin d&#8217;introduire une <a href=\"https:\/\/www.tjc-group.com\/fr\/blogs\/7-facons-dont-la-facturation-electornique-et-le-reporting-apportent-une-reelle-valeur-ajoutee-au-entreprises\/\" target=\"_blank\" rel=\"noreferrer noopener\">obligation de facturation \u00e9lectronique<\/a>. La loi propos\u00e9e stipule que dans le cadre d&#8217;un mandat de facturation \u00e9lectronique, toutes les factures \u00e9lectroniques doivent \u00eatre envoy\u00e9es et re\u00e7ues dans un format structur\u00e9, conforme \u00e0 la norme europ\u00e9enne EN 16931, tout en utilisant le r\u00e9seau PEPPOL. En outre, la loi stipule \u00e9galement que les entreprises doivent utiliser des fournisseurs de services certifi\u00e9s par PEPPOL pour la transmission de factures \u00e9lectroniques structur\u00e9es.  <\/p>\n\n<h3 class=\"wp-block-heading has-text-color has-link-color wp-elements-d3f19da4c30209f2a8baa4a899c2e2c8\" id=\"h-july-2025-belgium-confirms-e-invoicing-for-b2b\" style=\"color:#0d589b;font-style:normal;font-weight:600\">Juillet 2025 : La Belgique confirme la facturation \u00e9lectronique pour le B2B<\/h3>\n\n<p>En juillet 2025, le gouvernement a introduit un arr\u00eat\u00e9 royal qui formalise la mise en \u0153uvre de la <strong>facturation \u00e9lectronique<\/strong> obligatoire <strong>en Belgique<\/strong> pour les transactions B2B. Les factures \u00e9lectroniques doivent \u00eatre structur\u00e9es selon le format standard PEPPOL BIS. Le non-respect de la r\u00e9glementation entra\u00eenera de lourdes amendes administratives.  <\/p>\n\n<h2 class=\"wp-block-heading has-text-color has-link-color wp-elements-0f40959cff516ec33573b20221651584\" id=\"h-global-e-invoicing-and-reporting-with-sap-drc\" style=\"color:#56abda;font-style:normal;font-weight:600\">Facturation \u00e9lectronique globale et reporting avec SAP DRC<\/h2>\n\n<figure class=\"wp-block-image size-large\"><a href=\"https:\/\/www.tjc-group.com\/fr\/blogs\/sap-drc-tout-ce-quil-faut-savoir-consultation-et-mise-en-oeuvre-des-services-tjc-groupe\/\" target=\"_blank\" rel=\" noreferrer noopener\"><img loading=\"lazy\" decoding=\"async\" width=\"983\" height=\"1440\" src=\"https:\/\/www.tjc-group.com\/wp-content\/uploads\/2023\/11\/11-SAP-DRC-for-E-Invoicing-E-Reporting-983x1440.webp\" alt=\"SAP DRC pour la facturation et la d&#xE9;claration &#xE9;lectroniques\" class=\"wp-image-39397\" srcset=\"https:\/\/www.tjc-group.com\/wp-content\/uploads\/2023\/11\/11-SAP-DRC-for-E-Invoicing-E-Reporting-983x1440.webp 983w, https:\/\/www.tjc-group.com\/wp-content\/uploads\/2023\/11\/11-SAP-DRC-for-E-Invoicing-E-Reporting-205x300.webp 205w, https:\/\/www.tjc-group.com\/wp-content\/uploads\/2023\/11\/11-SAP-DRC-for-E-Invoicing-E-Reporting-768x1125.webp 768w, https:\/\/www.tjc-group.com\/wp-content\/uploads\/2023\/11\/11-SAP-DRC-for-E-Invoicing-E-Reporting-1048x1536.webp 1048w, https:\/\/www.tjc-group.com\/wp-content\/uploads\/2023\/11\/11-SAP-DRC-for-E-Invoicing-E-Reporting.webp 1200w\" sizes=\"auto, (max-width: 983px) 100vw, 983px\" \/><\/a><\/figure>\n\n<p>La facturation et le reporting \u00e9lectroniques gagnant du terrain dans le monde entier, les organisations doivent se pr\u00e9parer \u00e0 mettre en \u0153uvre la solution le moment venu. Cependant, la mise en \u0153uvre de la facturation et de la d\u00e9claration \u00e9lectroniques n&#8217;est pas une t\u00e2che facile, en raison de la pl\u00e9thore de r\u00e9glementations en vigueur dans plusieurs pays. En outre, la non-conformit\u00e9 peut \u00e9galement entra\u00eener plusieurs amendes, ce qui se traduit par des charges financi\u00e8res et des pertes. En outre, la facturation \u00e9lectronique pose d&#8217;autres probl\u00e8mes, qui peuvent constituer une source de tracas pour les organisations.   <\/p>\n\n<p>Heureusement, <a href=\"https:\/\/www.tjc-group.com\/fr\/blogs\/sap-drc-tout-ce-quil-faut-savoir-consultation-et-mise-en-oeuvre-des-services-tjc-groupe\/\" target=\"_blank\" rel=\"noreferrer noopener\">SAP Document and Reporting Compliance ou SAP DRC<\/a> permet de relever les d\u00e9fis de la facturation \u00e9lectronique. La solution s&#8217;accompagne d&#8217;un calendrier de conformit\u00e9 qui permet aux utilisateurs de suivre rapidement les r\u00e9glementations <strong>mondiales<\/strong> en mati\u00e8re de <strong>facturation \u00e9lectronique et de reporting<\/strong>. En outre, la solution automatise la soumission des factures \u00e9lectroniques, ce qui permet d&#8217;obtenir des informations \u00e9tay\u00e9es par des donn\u00e9es sur les transactions. De plus, SAP DRC est \u00e9quip\u00e9 d&#8217;un point d&#8217;entr\u00e9e centralis\u00e9 qui g\u00e8re toutes les corrections tout en assurant un suivi en temps voulu de mani\u00e8re beaucoup plus efficace.   <\/p>\n\n<h2 class=\"wp-block-heading has-text-color has-link-color wp-elements-b26b7e83ec0e889e908596b57d875e83\" id=\"h-conclusion\" style=\"color:#56abda;font-style:normal;font-weight:600\">Conclusion<\/h2>\n\n<p>Alors que <strong>la facturation \u00e9lectronique en Belgique<\/strong> se pr\u00e9pare \u00e0 \u00eatre mise en \u0153uvre en janvier 2026, il est important de pr\u00e9parer votre organisation si vos op\u00e9rations sont bas\u00e9es \u00e0 l&#8217;\u00e9tranger. TJC Group vient avec une expertise in\u00e9gal\u00e9e dans la <a href=\"https:\/\/www.tjc-group.com\/fr\/blogs\/sap-drc-tout-ce-quil-faut-savoir-consultation-et-mise-en-oeuvre-des-services-tjc-groupe\/\" target=\"_blank\" rel=\"noreferrer noopener\">mise en \u0153uvre de SAP DRC pour la facturation \u00e9lectronique<\/a>, en suivant une approche personnalis\u00e9e, qui est soutenue par la m\u00e9thodologie SAP Activate. En outre, notre \u00e9quipe d&#8217;experts B2G d\u00e9finit le meilleur champ d&#8217;application, \u00e9labore une d\u00e9claration initiale sur le champ d&#8217;application et fixe un calendrier r\u00e9aliste pour la mise en \u0153uvre.  <\/p>\n\n<p>Joignez-vous \u00e0 nous pour pr\u00e9parer votre organisation \u00e0 la mise en \u0153uvre de la <strong>facturation \u00e9lectronique<\/strong>, non seulement en Belgique, mais aussi dans plusieurs autres pays. <a href=\"https:\/\/www.tjc-group.com\/fr\/contact\/?hsCtaTracking=d6a2aa73-dd88-491b-993f-d0748c46bb5d%7C0df02c64-9bab-483b-ae66-1a70b449498d\" target=\"_blank\" rel=\"noreferrer noopener\">Contactez-nous d\u00e8s maintenant pour plus d&#8217;informations<\/a>!<\/p>\n\n<p>Restez \u00e9galement \u00e0 l&#8217;\u00e9coute pour d&#8217;autres mises \u00e0 jour sur la facturation et les rapports \u00e9lectroniques.<\/p>\n\n<hr class=\"wp-block-separator has-alpha-channel-opacity\"\/>\n\n<h2 class=\"wp-block-heading has-text-color has-link-color wp-elements-3046b85ae82cbb6d7a3602d2a43f2431\" id=\"h-e-invoicing-in-2025-round-the-world-updates\" style=\"color:#56abda;font-style:normal;font-weight:600\">La facturation \u00e9lectronique en 2025 : Mise \u00e0 jour du tour du monde<\/h2>\n\n<ul class=\"wp-block-list\">\n<li><a href=\"https:\/\/www.tjc-group.com\/fr\/blogs\/la-facturation-electronique-en-2025-un-apercu-interessant-de-son-deploiement-mondial\/\" target=\"_blank\" rel=\"noreferrer noopener\">La facturation \u00e9lectronique en 2025 : Un aper\u00e7u int\u00e9ressant de son d\u00e9ploiement mondial<\/a><\/li>\n\n\n\n<li><a href=\"https:\/\/www.tjc-group.com\/fr\/blogs\/la-facturation-electronique-en-allemagne-ce-quil-faut-savoir-en-2025\/\" target=\"_blank\" rel=\"noreferrer noopener\">La facturation \u00e9lectronique en Allemagne : Ce qu&#8217;il faut savoir en 2025<\/a><\/li>\n\n\n\n<li><a href=\"https:\/\/www.tjc-group.com\/fr\/blogs\/facturation-electronique-a-singapour-tout-ce-que-vous-devez-savoir-2025\/\" target=\"_blank\" rel=\"noreferrer noopener\">La facturation \u00e9lectronique \u00e0 Singapour : Tout ce que vous devez savoir en 2025<\/a><\/li>\n\n\n\n<li><a href=\"https:\/\/www.tjc-group.com\/fr\/blogs\/les-defis-de-la-facturation-electronique-en-2025-une-feuille-de-route-pour-les-surmonter-sap-drc\/\" target=\"_blank\" rel=\"noreferrer noopener\">Les d\u00e9fis de la facturation \u00e9lectronique en 2025 : Une feuille de route pour les surmonter SAP DRC<\/a><\/li>\n<\/ul>\n\n<div style=\"height:50px\" aria-hidden=\"true\" class=\"wp-block-spacer\"><\/div>\n\n<hr class=\"wp-block-separator has-alpha-channel-opacity\"\/>\n\n<p><\/p>\n","protected":false},"featured_media":41560,"parent":0,"menu_order":0,"template":"","meta":{"content-type":"","footnotes":""},"blog_tag":[220,394],"class_list":["post-41556","blog","type-blog","status-publish","has-post-thumbnail","hentry","blog_tag-conformite-des-entreprises-au-gouvernement","blog_tag-e-invoicing-et-e-reporting-a-l-international"],"yoast_head":"<!-- This site is optimized with the Yoast SEO Premium plugin v27.4 (Yoast SEO v27.5) - https:\/\/yoast.com\/product\/yoast-seo-premium-wordpress\/ -->\n<title>La facturation \u00e9lectronique en Belgique : Principales mises \u00e0 jour de l&#039;arr\u00eat\u00e9 royal - TJC Group<\/title>\n<meta name=\"description\" content=\"Le gouvernement belge a r\u00e9cemment publi\u00e9 un arr\u00eat\u00e9 royal pr\u00e9voyant de nouveaux mandats et de nouvelles sanctions pour la facturation \u00e9lectronique en Belgique. Voici les principales mises \u00e0 jour !\" \/>\n<meta name=\"robots\" content=\"index, follow, max-snippet:-1, max-image-preview:large, max-video-preview:-1\" \/>\n<link rel=\"canonical\" href=\"https:\/\/www.tjc-group.com\/fr\/blogs\/la-facturation-electronique-en-belgique-principales-mises-a-jour-de-larrete-royal\/\" \/>\n<meta property=\"og:locale\" content=\"fr_FR\" \/>\n<meta property=\"og:type\" content=\"article\" \/>\n<meta property=\"og:title\" content=\"La facturation \u00e9lectronique en Belgique : Principales mises \u00e0 jour de l&#039;arr\u00eat\u00e9 royal\" \/>\n<meta property=\"og:description\" content=\"Le gouvernement belge a r\u00e9cemment publi\u00e9 un arr\u00eat\u00e9 royal pr\u00e9voyant de nouveaux mandats et de nouvelles sanctions pour la facturation \u00e9lectronique en Belgique. Voici les principales mises \u00e0 jour !\" \/>\n<meta property=\"og:url\" content=\"https:\/\/www.tjc-group.com\/fr\/blogs\/la-facturation-electronique-en-belgique-principales-mises-a-jour-de-larrete-royal\/\" \/>\n<meta property=\"og:site_name\" content=\"TJC Group\" \/>\n<meta property=\"article:modified_time\" content=\"2025-07-23T13:07:31+00:00\" \/>\n<meta property=\"og:image\" content=\"https:\/\/www.tjc-group.com\/wp-content\/uploads\/2025\/07\/FR_A-quick-glance-into-e-invoicing-in-Belgium-scaled.webp\" \/>\n\t<meta property=\"og:image:width\" content=\"2560\" \/>\n\t<meta property=\"og:image:height\" content=\"1280\" \/>\n\t<meta property=\"og:image:type\" content=\"image\/webp\" \/>\n<meta name=\"twitter:card\" content=\"summary_large_image\" \/>\n<meta name=\"twitter:site\" content=\"@tjcsoftware\" \/>\n<meta name=\"twitter:label1\" content=\"Dur\u00e9e de lecture estim\u00e9e\" \/>\n\t<meta name=\"twitter:data1\" content=\"8 minutes\" \/>\n<script type=\"application\/ld+json\" class=\"yoast-schema-graph\">{\"@context\":\"https:\\\/\\\/schema.org\",\"@graph\":[{\"@type\":\"WebPage\",\"@id\":\"https:\\\/\\\/www.tjc-group.com\\\/fr\\\/blogs\\\/la-facturation-electronique-en-belgique-principales-mises-a-jour-de-larrete-royal\\\/\",\"url\":\"https:\\\/\\\/www.tjc-group.com\\\/fr\\\/blogs\\\/la-facturation-electronique-en-belgique-principales-mises-a-jour-de-larrete-royal\\\/\",\"name\":\"La facturation \u00e9lectronique en Belgique : Principales mises \u00e0 jour de l'arr\u00eat\u00e9 royal - TJC Group\",\"isPartOf\":{\"@id\":\"https:\\\/\\\/www.tjc-group.com\\\/fr\\\/#website\"},\"primaryImageOfPage\":{\"@id\":\"https:\\\/\\\/www.tjc-group.com\\\/fr\\\/blogs\\\/la-facturation-electronique-en-belgique-principales-mises-a-jour-de-larrete-royal\\\/#primaryimage\"},\"image\":{\"@id\":\"https:\\\/\\\/www.tjc-group.com\\\/fr\\\/blogs\\\/la-facturation-electronique-en-belgique-principales-mises-a-jour-de-larrete-royal\\\/#primaryimage\"},\"thumbnailUrl\":\"https:\\\/\\\/www.tjc-group.com\\\/wp-content\\\/uploads\\\/2025\\\/07\\\/FR_A-quick-glance-into-e-invoicing-in-Belgium-scaled.webp\",\"datePublished\":\"2025-07-22T15:22:10+00:00\",\"dateModified\":\"2025-07-23T13:07:31+00:00\",\"description\":\"Le gouvernement belge a r\u00e9cemment publi\u00e9 un arr\u00eat\u00e9 royal pr\u00e9voyant de nouveaux mandats et de nouvelles sanctions pour la facturation \u00e9lectronique en Belgique. Voici les principales mises \u00e0 jour !\",\"breadcrumb\":{\"@id\":\"https:\\\/\\\/www.tjc-group.com\\\/fr\\\/blogs\\\/la-facturation-electronique-en-belgique-principales-mises-a-jour-de-larrete-royal\\\/#breadcrumb\"},\"inLanguage\":\"fr-FR\",\"potentialAction\":[{\"@type\":\"ReadAction\",\"target\":[\"https:\\\/\\\/www.tjc-group.com\\\/fr\\\/blogs\\\/la-facturation-electronique-en-belgique-principales-mises-a-jour-de-larrete-royal\\\/\"]}],\"accessibilityFeature\":[\"tableOfContents\"]},{\"@type\":\"ImageObject\",\"inLanguage\":\"fr-FR\",\"@id\":\"https:\\\/\\\/www.tjc-group.com\\\/fr\\\/blogs\\\/la-facturation-electronique-en-belgique-principales-mises-a-jour-de-larrete-royal\\\/#primaryimage\",\"url\":\"https:\\\/\\\/www.tjc-group.com\\\/wp-content\\\/uploads\\\/2025\\\/07\\\/FR_A-quick-glance-into-e-invoicing-in-Belgium-scaled.webp\",\"contentUrl\":\"https:\\\/\\\/www.tjc-group.com\\\/wp-content\\\/uploads\\\/2025\\\/07\\\/FR_A-quick-glance-into-e-invoicing-in-Belgium-scaled.webp\",\"width\":2560,\"height\":1280,\"caption\":\"FR_A quick glance into e-invoicing in Belgium\"},{\"@type\":\"BreadcrumbList\",\"@id\":\"https:\\\/\\\/www.tjc-group.com\\\/fr\\\/blogs\\\/la-facturation-electronique-en-belgique-principales-mises-a-jour-de-larrete-royal\\\/#breadcrumb\",\"itemListElement\":[{\"@type\":\"ListItem\",\"position\":1,\"name\":\"Home\",\"item\":\"https:\\\/\\\/www.tjc-group.com\\\/fr\\\/\"},{\"@type\":\"ListItem\",\"position\":2,\"name\":\"Blog\",\"item\":\"https:\\\/\\\/www.tjc-group.com\\\/fr\\\/blogs\\\/\"},{\"@type\":\"ListItem\",\"position\":3,\"name\":\"La facturation \u00e9lectronique en Belgique : Principales mises \u00e0 jour de l&#8217;arr\u00eat\u00e9 royal\"}]},{\"@type\":\"WebSite\",\"@id\":\"https:\\\/\\\/www.tjc-group.com\\\/fr\\\/#website\",\"url\":\"https:\\\/\\\/www.tjc-group.com\\\/fr\\\/\",\"name\":\"TJC Group\",\"description\":\"\",\"publisher\":{\"@id\":\"https:\\\/\\\/www.tjc-group.com\\\/fr\\\/#organization\"},\"potentialAction\":[{\"@type\":\"SearchAction\",\"target\":{\"@type\":\"EntryPoint\",\"urlTemplate\":\"https:\\\/\\\/www.tjc-group.com\\\/fr\\\/?s={search_term_string}\"},\"query-input\":{\"@type\":\"PropertyValueSpecification\",\"valueRequired\":true,\"valueName\":\"search_term_string\"}}],\"inLanguage\":\"fr-FR\"},{\"@type\":\"Organization\",\"@id\":\"https:\\\/\\\/www.tjc-group.com\\\/fr\\\/#organization\",\"name\":\"TJC Group\",\"url\":\"https:\\\/\\\/www.tjc-group.com\\\/fr\\\/\",\"logo\":{\"@type\":\"ImageObject\",\"inLanguage\":\"fr-FR\",\"@id\":\"https:\\\/\\\/www.tjc-group.com\\\/fr\\\/#\\\/schema\\\/logo\\\/image\\\/\",\"url\":\"https:\\\/\\\/www.tjc-group.com\\\/wp-content\\\/uploads\\\/2021\\\/05\\\/logo.svg\",\"contentUrl\":\"https:\\\/\\\/www.tjc-group.com\\\/wp-content\\\/uploads\\\/2021\\\/05\\\/logo.svg\",\"caption\":\"TJC Group\"},\"image\":{\"@id\":\"https:\\\/\\\/www.tjc-group.com\\\/fr\\\/#\\\/schema\\\/logo\\\/image\\\/\"},\"sameAs\":[\"https:\\\/\\\/x.com\\\/tjcsoftware\",\"https:\\\/\\\/www.linkedin.com\\\/company\\\/tjc-group\",\"https:\\\/\\\/www.youtube.com\\\/tjcgroup\"]}]}<\/script>\n<!-- \/ Yoast SEO Premium plugin. -->","yoast_head_json":{"title":"La facturation \u00e9lectronique en Belgique : Principales mises \u00e0 jour de l'arr\u00eat\u00e9 royal - TJC Group","description":"Le gouvernement belge a r\u00e9cemment publi\u00e9 un arr\u00eat\u00e9 royal pr\u00e9voyant de nouveaux mandats et de nouvelles sanctions pour la facturation \u00e9lectronique en Belgique. Voici les principales mises \u00e0 jour !","robots":{"index":"index","follow":"follow","max-snippet":"max-snippet:-1","max-image-preview":"max-image-preview:large","max-video-preview":"max-video-preview:-1"},"canonical":"https:\/\/www.tjc-group.com\/fr\/blogs\/la-facturation-electronique-en-belgique-principales-mises-a-jour-de-larrete-royal\/","og_locale":"fr_FR","og_type":"article","og_title":"La facturation \u00e9lectronique en Belgique : Principales mises \u00e0 jour de l'arr\u00eat\u00e9 royal","og_description":"Le gouvernement belge a r\u00e9cemment publi\u00e9 un arr\u00eat\u00e9 royal pr\u00e9voyant de nouveaux mandats et de nouvelles sanctions pour la facturation \u00e9lectronique en Belgique. Voici les principales mises \u00e0 jour !","og_url":"https:\/\/www.tjc-group.com\/fr\/blogs\/la-facturation-electronique-en-belgique-principales-mises-a-jour-de-larrete-royal\/","og_site_name":"TJC Group","article_modified_time":"2025-07-23T13:07:31+00:00","og_image":[{"width":2560,"height":1280,"url":"https:\/\/www.tjc-group.com\/wp-content\/uploads\/2025\/07\/FR_A-quick-glance-into-e-invoicing-in-Belgium-scaled.webp","type":"image\/webp"}],"twitter_card":"summary_large_image","twitter_site":"@tjcsoftware","twitter_misc":{"Dur\u00e9e de lecture estim\u00e9e":"8 minutes"},"schema":{"@context":"https:\/\/schema.org","@graph":[{"@type":"WebPage","@id":"https:\/\/www.tjc-group.com\/fr\/blogs\/la-facturation-electronique-en-belgique-principales-mises-a-jour-de-larrete-royal\/","url":"https:\/\/www.tjc-group.com\/fr\/blogs\/la-facturation-electronique-en-belgique-principales-mises-a-jour-de-larrete-royal\/","name":"La facturation \u00e9lectronique en Belgique : Principales mises \u00e0 jour de l'arr\u00eat\u00e9 royal - TJC Group","isPartOf":{"@id":"https:\/\/www.tjc-group.com\/fr\/#website"},"primaryImageOfPage":{"@id":"https:\/\/www.tjc-group.com\/fr\/blogs\/la-facturation-electronique-en-belgique-principales-mises-a-jour-de-larrete-royal\/#primaryimage"},"image":{"@id":"https:\/\/www.tjc-group.com\/fr\/blogs\/la-facturation-electronique-en-belgique-principales-mises-a-jour-de-larrete-royal\/#primaryimage"},"thumbnailUrl":"https:\/\/www.tjc-group.com\/wp-content\/uploads\/2025\/07\/FR_A-quick-glance-into-e-invoicing-in-Belgium-scaled.webp","datePublished":"2025-07-22T15:22:10+00:00","dateModified":"2025-07-23T13:07:31+00:00","description":"Le gouvernement belge a r\u00e9cemment publi\u00e9 un arr\u00eat\u00e9 royal pr\u00e9voyant de nouveaux mandats et de nouvelles sanctions pour la facturation \u00e9lectronique en Belgique. Voici les principales mises \u00e0 jour !","breadcrumb":{"@id":"https:\/\/www.tjc-group.com\/fr\/blogs\/la-facturation-electronique-en-belgique-principales-mises-a-jour-de-larrete-royal\/#breadcrumb"},"inLanguage":"fr-FR","potentialAction":[{"@type":"ReadAction","target":["https:\/\/www.tjc-group.com\/fr\/blogs\/la-facturation-electronique-en-belgique-principales-mises-a-jour-de-larrete-royal\/"]}],"accessibilityFeature":["tableOfContents"]},{"@type":"ImageObject","inLanguage":"fr-FR","@id":"https:\/\/www.tjc-group.com\/fr\/blogs\/la-facturation-electronique-en-belgique-principales-mises-a-jour-de-larrete-royal\/#primaryimage","url":"https:\/\/www.tjc-group.com\/wp-content\/uploads\/2025\/07\/FR_A-quick-glance-into-e-invoicing-in-Belgium-scaled.webp","contentUrl":"https:\/\/www.tjc-group.com\/wp-content\/uploads\/2025\/07\/FR_A-quick-glance-into-e-invoicing-in-Belgium-scaled.webp","width":2560,"height":1280,"caption":"FR_A quick glance into e-invoicing in Belgium"},{"@type":"BreadcrumbList","@id":"https:\/\/www.tjc-group.com\/fr\/blogs\/la-facturation-electronique-en-belgique-principales-mises-a-jour-de-larrete-royal\/#breadcrumb","itemListElement":[{"@type":"ListItem","position":1,"name":"Home","item":"https:\/\/www.tjc-group.com\/fr\/"},{"@type":"ListItem","position":2,"name":"Blog","item":"https:\/\/www.tjc-group.com\/fr\/blogs\/"},{"@type":"ListItem","position":3,"name":"La facturation \u00e9lectronique en Belgique : Principales mises \u00e0 jour de l&#8217;arr\u00eat\u00e9 royal"}]},{"@type":"WebSite","@id":"https:\/\/www.tjc-group.com\/fr\/#website","url":"https:\/\/www.tjc-group.com\/fr\/","name":"TJC Group","description":"","publisher":{"@id":"https:\/\/www.tjc-group.com\/fr\/#organization"},"potentialAction":[{"@type":"SearchAction","target":{"@type":"EntryPoint","urlTemplate":"https:\/\/www.tjc-group.com\/fr\/?s={search_term_string}"},"query-input":{"@type":"PropertyValueSpecification","valueRequired":true,"valueName":"search_term_string"}}],"inLanguage":"fr-FR"},{"@type":"Organization","@id":"https:\/\/www.tjc-group.com\/fr\/#organization","name":"TJC Group","url":"https:\/\/www.tjc-group.com\/fr\/","logo":{"@type":"ImageObject","inLanguage":"fr-FR","@id":"https:\/\/www.tjc-group.com\/fr\/#\/schema\/logo\/image\/","url":"https:\/\/www.tjc-group.com\/wp-content\/uploads\/2021\/05\/logo.svg","contentUrl":"https:\/\/www.tjc-group.com\/wp-content\/uploads\/2021\/05\/logo.svg","caption":"TJC Group"},"image":{"@id":"https:\/\/www.tjc-group.com\/fr\/#\/schema\/logo\/image\/"},"sameAs":["https:\/\/x.com\/tjcsoftware","https:\/\/www.linkedin.com\/company\/tjc-group","https:\/\/www.youtube.com\/tjcgroup"]}]}},"_links":{"self":[{"href":"https:\/\/www.tjc-group.com\/fr\/wp-json\/wp\/v2\/blog\/41556","targetHints":{"allow":["GET"]}}],"collection":[{"href":"https:\/\/www.tjc-group.com\/fr\/wp-json\/wp\/v2\/blog"}],"about":[{"href":"https:\/\/www.tjc-group.com\/fr\/wp-json\/wp\/v2\/types\/blog"}],"version-history":[{"count":7,"href":"https:\/\/www.tjc-group.com\/fr\/wp-json\/wp\/v2\/blog\/41556\/revisions"}],"predecessor-version":[{"id":41581,"href":"https:\/\/www.tjc-group.com\/fr\/wp-json\/wp\/v2\/blog\/41556\/revisions\/41581"}],"wp:featuredmedia":[{"embeddable":true,"href":"https:\/\/www.tjc-group.com\/fr\/wp-json\/wp\/v2\/media\/41560"}],"wp:attachment":[{"href":"https:\/\/www.tjc-group.com\/fr\/wp-json\/wp\/v2\/media?parent=41556"}],"wp:term":[{"taxonomy":"blog_tag","embeddable":true,"href":"https:\/\/www.tjc-group.com\/fr\/wp-json\/wp\/v2\/blog_tag?post=41556"}],"curies":[{"name":"wp","href":"https:\/\/api.w.org\/{rel}","templated":true}]}}