{"id":36497,"date":"2024-02-22T20:00:21","date_gmt":"2024-02-22T14:30:21","guid":{"rendered":"https:\/\/www.tjc-group.com\/blogs\/update-the-belgian-parliament-approved-the-legislation-setting-out-a-b2b-e-invoicing-mandate\/"},"modified":"2025-05-12T19:16:48","modified_gmt":"2025-05-12T13:46:48","slug":"update-the-belgian-parliament-approved-the-legislation-setting-out-a-b2b-e-invoicing-mandate","status":"publish","type":"blog","link":"https:\/\/www.tjc-group.com\/fr\/blogs\/update-the-belgian-parliament-approved-the-legislation-setting-out-a-b2b-e-invoicing-mandate\/","title":{"rendered":"Mise \u00e0 jour : Le Parlement belge adopte la l\u00e9gislation sur le mandat de facturation \u00e9lectronique B2B"},"content":{"rendered":"\n<h4 class=\"wp-block-heading\" id=\"h-22-fevrier-2024\" style=\"font-style:normal;font-weight:600\">22 f\u00e9vrier 2024<\/h4>\n\n\n\n<p>Le Parlement belge a annonc\u00e9 que le projet de loi l\u00e9gif\u00e9rant sur la <a href=\"https:\/\/www.tjc-group.com\/fr\/blogs\/resoudre-les-defis-de-la-facturation-et-de-letablissement-de-rapports-avec-lexpertise-de-sap-drc\/\" target=\"_blank\" rel=\"noreferrer noopener\">facturation \u00e9lectronique B2B<\/a> obligatoire en Belgique a \u00e9t\u00e9 publi\u00e9 au Journal officiel. Cela signifie que le mandat est pr\u00eat \u00e0 \u00eatre appliqu\u00e9 et adopt\u00e9 \u00e0 partir du 1\u1d49\u02b3 janvier 2026. Bien qu&#8217;une d\u00e9rogation de la Commission europ\u00e9enne (articles 218 et 232 de la directive de l&#8217;UE) soit encore n\u00e9cessaire, elle devrait \u00eatre conforme \u00e0 la ViDA.<\/p>\n\n\n\n<p><\/p>\n\n\n\n<h2 class=\"wp-block-heading has-text-color has-link-color wp-elements-e251f133ac4a4ded673eb758fc1611bd\" id=\"h-facturation-electronique-basee-sur-peppol-pour-la-belgique\" style=\"color:#56abda;font-style:normal;font-weight:600\">Facturation \u00e9lectronique bas\u00e9e sur PEPPOL pour la Belgique<\/h2>\n\n\n\n<p>La strat\u00e9gie de facturation \u00e9lectronique interentreprises du pays comporte deux \u00e9tapes : 1) facturation \u00e9lectronique entre contribuables bas\u00e9e sur la structure PEPPOL &#8211; mod\u00e8le \u00e0 4 coins, 2) am\u00e9lioration avec contr\u00f4le continu des transactions (CTC) via pr\u00e9autorisation avec les autorit\u00e9s fiscales &#8211; mod\u00e8le \u00e0 5 coins.<\/p>\n\n\n\n<p>Dans un premier temps, le mod\u00e8le \u00e0 4 coins ne pr\u00e9voit pas de rapport direct au gouvernement ; toutefois, d&#8217;autres plateformes d&#8217;\u00e9change peuvent \u00eatre utilis\u00e9es d&#8217;un commun accord, \u00e0 condition qu&#8217;elles soient conformes aux exigences de l&#8217;UE. Avec le mod\u00e8le \u00e0 5 coins, la Belgique vise une planification strat\u00e9gique \u00e0 long terme, qui comprend un rapport \u00e9lectronique en temps r\u00e9el, rempla\u00e7ant le rapport annuel sur la liste des ventes. En outre, cela permettra de r\u00e9duire l&#8217;<a href=\"https:\/\/www.tjc-group.com\/fr\/ressource\/guide-pour-la-digitalisation-de-la-tva-en-europe\/\" target=\"_blank\" rel=\"noreferrer noopener\">\u00e9cart de TVA<\/a> et la diff\u00e9rence entre la taxe pr\u00e9vue et la taxe collect\u00e9e. Selon l&#8217;UE, le dernier \u00e9cart de TVA belge pour 2023 est estim\u00e9 \u00e0 environ 2,5 milliards d&#8217;euros par an.<\/p>\n\n\n\n<h2 class=\"wp-block-heading has-text-color has-link-color wp-elements-3540aa2af310b885239a3793ffb979e8\" id=\"h-l-objectif-de-la-facturation-electronique-b2b-en-belgique\" style=\"color:#56abda;font-style:normal;font-weight:600\">L&#8217;objectif de la facturation \u00e9lectronique B2B en Belgique<\/h2>\n\n\n\n<p>La Belgique vise principalement \u00e0 synchroniser les plans de l&#8217;UE &#8220;VAT in the Digital Age&#8221; pour la norme de facturation \u00e9lectronique &#8211; EN 16931 &#8211; dans toute la r\u00e9gion afin de garantir l&#8217;interop\u00e9rabilit\u00e9. Dans le cadre du pilier de l&#8217;obligation de d\u00e9claration num\u00e9rique, l&#8217;UE pr\u00e9voit une obligation de facturation \u00e9lectronique structur\u00e9e et obligatoire pour les livraisons intracommunautaires \u00e0 partir de 2030.<\/p>\n\n\n\n<p>Le nouveau r\u00e9gime est toutefois limit\u00e9 aux soci\u00e9t\u00e9s \u00e9tablies en Belgique, aux filiales locales d&#8217;organisations \u00e9trang\u00e8res et aux entreprises non r\u00e9sidentes qui sont immatricul\u00e9es \u00e0 la TVA et disposent d&#8217;un \u00e9tablissement fixe dans le pays. Une mise \u00e0 jour importante dans ce projet de loi : les entreprises non r\u00e9sidentes devront accepter les factures \u00e9lectroniques de leurs fournisseurs r\u00e9sidents en Belgique pour toutes les fournitures domestiques.<\/p>\n\n\n\n<p><\/p>\n\n\n\n<p>Pour en savoir plus sur <a href=\"https:\/\/www.tjc-group.com\/fr\/blogs\/quest-ce-que-la-tva-a-lere-numerique-vida\/\" target=\"_blank\" rel=\"noreferrer noopener\">le ViDA de l&#8217;UE<\/a> ou pour toute question relative \u00e0 la facturation \u00e9lectronique, vous pouvez <a href=\"https:\/\/www.tjc-group.com\/fr\/contact\/?hsCtaTracking=d6a2aa73-dd88-491b-993f-d0748c46bb5d%7C0df02c64-9bab-483b-ae66-1a70b449498d\" target=\"_blank\" rel=\"noreferrer noopener\">contacter nos experts<\/a> ici !<\/p>\n\n\n\n<div style=\"height:50px\" aria-hidden=\"true\" class=\"wp-block-spacer\"><\/div>\n\n\n\n<hr class=\"wp-block-separator has-alpha-channel-opacity\"\/>\n","protected":false},"featured_media":31765,"parent":0,"menu_order":0,"template":"","meta":{"content-type":"","footnotes":""},"blog_tag":[220,181],"class_list":["post-36497","blog","type-blog","status-publish","has-post-thumbnail","hentry","blog_tag-conformite-des-entreprises-au-gouvernement","blog_tag-preparation-fiscale-et-daudit"],"yoast_head":"<!-- This site is optimized with the Yoast SEO Premium plugin v27.4 (Yoast SEO v27.5) - https:\/\/yoast.com\/product\/yoast-seo-premium-wordpress\/ -->\n<title>Mise \u00e0 jour : Le Parlement belge adopte la l\u00e9gislation sur le mandat de facturation \u00e9lectronique B2B -<\/title>\n<meta name=\"description\" content=\"Le gouvernement belge a annonc\u00e9 sa l\u00e9gislation concernant le mandat de facturation \u00e9lectronique B2B \u00e0 partir du 1er janvier 2026. Voici une br\u00e8ve mise \u00e0 jour pour vous. Lire la suite !\" \/>\n<meta name=\"robots\" content=\"index, follow, max-snippet:-1, max-image-preview:large, max-video-preview:-1\" \/>\n<link rel=\"canonical\" href=\"https:\/\/www.tjc-group.com\/fr\/blogs\/update-the-belgian-parliament-approved-the-legislation-setting-out-a-b2b-e-invoicing-mandate\/\" \/>\n<meta property=\"og:locale\" content=\"fr_FR\" \/>\n<meta property=\"og:type\" content=\"article\" \/>\n<meta property=\"og:title\" content=\"Mise \u00e0 jour : Le Parlement belge adopte la l\u00e9gislation sur le mandat de facturation \u00e9lectronique B2B\" \/>\n<meta property=\"og:description\" content=\"Le gouvernement belge a annonc\u00e9 sa l\u00e9gislation concernant le mandat de facturation \u00e9lectronique B2B \u00e0 partir du 1er janvier 2026. Voici une br\u00e8ve mise \u00e0 jour pour vous. Lire la suite !\" \/>\n<meta property=\"og:url\" content=\"https:\/\/www.tjc-group.com\/fr\/blogs\/update-the-belgian-parliament-approved-the-legislation-setting-out-a-b2b-e-invoicing-mandate\/\" \/>\n<meta property=\"og:site_name\" content=\"TJC Group\" \/>\n<meta property=\"article:modified_time\" content=\"2025-05-12T13:46:48+00:00\" \/>\n<meta property=\"og:image\" content=\"https:\/\/www.tjc-group.com\/wp-content\/uploads\/2024\/02\/Belgium-update-on-e-invoicing.jpg\" \/>\n\t<meta property=\"og:image:width\" content=\"1920\" \/>\n\t<meta property=\"og:image:height\" content=\"1080\" \/>\n\t<meta property=\"og:image:type\" content=\"image\/jpeg\" \/>\n<meta name=\"twitter:card\" content=\"summary_large_image\" \/>\n<meta name=\"twitter:site\" content=\"@tjcsoftware\" \/>\n<meta name=\"twitter:label1\" content=\"Dur\u00e9e de lecture estim\u00e9e\" \/>\n\t<meta name=\"twitter:data1\" content=\"2 minutes\" \/>\n<script type=\"application\/ld+json\" class=\"yoast-schema-graph\">{\"@context\":\"https:\\\/\\\/schema.org\",\"@graph\":[{\"@type\":\"WebPage\",\"@id\":\"https:\\\/\\\/www.tjc-group.com\\\/fr\\\/blogs\\\/update-the-belgian-parliament-approved-the-legislation-setting-out-a-b2b-e-invoicing-mandate\\\/\",\"url\":\"https:\\\/\\\/www.tjc-group.com\\\/fr\\\/blogs\\\/update-the-belgian-parliament-approved-the-legislation-setting-out-a-b2b-e-invoicing-mandate\\\/\",\"name\":\"Mise \u00e0 jour : Le Parlement belge adopte la l\u00e9gislation sur le mandat de facturation \u00e9lectronique B2B -\",\"isPartOf\":{\"@id\":\"https:\\\/\\\/www.tjc-group.com\\\/fr\\\/#website\"},\"primaryImageOfPage\":{\"@id\":\"https:\\\/\\\/www.tjc-group.com\\\/fr\\\/blogs\\\/update-the-belgian-parliament-approved-the-legislation-setting-out-a-b2b-e-invoicing-mandate\\\/#primaryimage\"},\"image\":{\"@id\":\"https:\\\/\\\/www.tjc-group.com\\\/fr\\\/blogs\\\/update-the-belgian-parliament-approved-the-legislation-setting-out-a-b2b-e-invoicing-mandate\\\/#primaryimage\"},\"thumbnailUrl\":\"https:\\\/\\\/www.tjc-group.com\\\/wp-content\\\/uploads\\\/2024\\\/02\\\/Belgium-update-on-e-invoicing.jpg\",\"datePublished\":\"2024-02-22T14:30:21+00:00\",\"dateModified\":\"2025-05-12T13:46:48+00:00\",\"description\":\"Le gouvernement belge a annonc\u00e9 sa l\u00e9gislation concernant le mandat de facturation \u00e9lectronique B2B \u00e0 partir du 1er janvier 2026. Voici une br\u00e8ve mise \u00e0 jour pour vous. Lire la suite !\",\"breadcrumb\":{\"@id\":\"https:\\\/\\\/www.tjc-group.com\\\/fr\\\/blogs\\\/update-the-belgian-parliament-approved-the-legislation-setting-out-a-b2b-e-invoicing-mandate\\\/#breadcrumb\"},\"inLanguage\":\"fr-FR\",\"potentialAction\":[{\"@type\":\"ReadAction\",\"target\":[\"https:\\\/\\\/www.tjc-group.com\\\/fr\\\/blogs\\\/update-the-belgian-parliament-approved-the-legislation-setting-out-a-b2b-e-invoicing-mandate\\\/\"]}]},{\"@type\":\"ImageObject\",\"inLanguage\":\"fr-FR\",\"@id\":\"https:\\\/\\\/www.tjc-group.com\\\/fr\\\/blogs\\\/update-the-belgian-parliament-approved-the-legislation-setting-out-a-b2b-e-invoicing-mandate\\\/#primaryimage\",\"url\":\"https:\\\/\\\/www.tjc-group.com\\\/wp-content\\\/uploads\\\/2024\\\/02\\\/Belgium-update-on-e-invoicing.jpg\",\"contentUrl\":\"https:\\\/\\\/www.tjc-group.com\\\/wp-content\\\/uploads\\\/2024\\\/02\\\/Belgium-update-on-e-invoicing.jpg\",\"width\":1920,\"height\":1080,\"caption\":\"Belgium's B2B e-invoicing update\"},{\"@type\":\"BreadcrumbList\",\"@id\":\"https:\\\/\\\/www.tjc-group.com\\\/fr\\\/blogs\\\/update-the-belgian-parliament-approved-the-legislation-setting-out-a-b2b-e-invoicing-mandate\\\/#breadcrumb\",\"itemListElement\":[{\"@type\":\"ListItem\",\"position\":1,\"name\":\"Home\",\"item\":\"https:\\\/\\\/www.tjc-group.com\\\/fr\\\/\"},{\"@type\":\"ListItem\",\"position\":2,\"name\":\"Blog\",\"item\":\"https:\\\/\\\/www.tjc-group.com\\\/fr\\\/blogs\\\/\"},{\"@type\":\"ListItem\",\"position\":3,\"name\":\"Mise \u00e0 jour : Le Parlement belge adopte la l\u00e9gislation sur le mandat de facturation \u00e9lectronique B2B\"}]},{\"@type\":\"WebSite\",\"@id\":\"https:\\\/\\\/www.tjc-group.com\\\/fr\\\/#website\",\"url\":\"https:\\\/\\\/www.tjc-group.com\\\/fr\\\/\",\"name\":\"TJC Group\",\"description\":\"\",\"publisher\":{\"@id\":\"https:\\\/\\\/www.tjc-group.com\\\/fr\\\/#organization\"},\"potentialAction\":[{\"@type\":\"SearchAction\",\"target\":{\"@type\":\"EntryPoint\",\"urlTemplate\":\"https:\\\/\\\/www.tjc-group.com\\\/fr\\\/?s={search_term_string}\"},\"query-input\":{\"@type\":\"PropertyValueSpecification\",\"valueRequired\":true,\"valueName\":\"search_term_string\"}}],\"inLanguage\":\"fr-FR\"},{\"@type\":\"Organization\",\"@id\":\"https:\\\/\\\/www.tjc-group.com\\\/fr\\\/#organization\",\"name\":\"TJC Group\",\"url\":\"https:\\\/\\\/www.tjc-group.com\\\/fr\\\/\",\"logo\":{\"@type\":\"ImageObject\",\"inLanguage\":\"fr-FR\",\"@id\":\"https:\\\/\\\/www.tjc-group.com\\\/fr\\\/#\\\/schema\\\/logo\\\/image\\\/\",\"url\":\"https:\\\/\\\/www.tjc-group.com\\\/wp-content\\\/uploads\\\/2021\\\/05\\\/logo.svg\",\"contentUrl\":\"https:\\\/\\\/www.tjc-group.com\\\/wp-content\\\/uploads\\\/2021\\\/05\\\/logo.svg\",\"caption\":\"TJC Group\"},\"image\":{\"@id\":\"https:\\\/\\\/www.tjc-group.com\\\/fr\\\/#\\\/schema\\\/logo\\\/image\\\/\"},\"sameAs\":[\"https:\\\/\\\/x.com\\\/tjcsoftware\",\"https:\\\/\\\/www.linkedin.com\\\/company\\\/tjc-group\",\"https:\\\/\\\/www.youtube.com\\\/tjcgroup\"]}]}<\/script>\n<!-- \/ Yoast SEO Premium plugin. -->","yoast_head_json":{"title":"Mise \u00e0 jour : Le Parlement belge adopte la l\u00e9gislation sur le mandat de facturation \u00e9lectronique B2B -","description":"Le gouvernement belge a annonc\u00e9 sa l\u00e9gislation concernant le mandat de facturation \u00e9lectronique B2B \u00e0 partir du 1er janvier 2026. Voici une br\u00e8ve mise \u00e0 jour pour vous. Lire la suite !","robots":{"index":"index","follow":"follow","max-snippet":"max-snippet:-1","max-image-preview":"max-image-preview:large","max-video-preview":"max-video-preview:-1"},"canonical":"https:\/\/www.tjc-group.com\/fr\/blogs\/update-the-belgian-parliament-approved-the-legislation-setting-out-a-b2b-e-invoicing-mandate\/","og_locale":"fr_FR","og_type":"article","og_title":"Mise \u00e0 jour : Le Parlement belge adopte la l\u00e9gislation sur le mandat de facturation \u00e9lectronique B2B","og_description":"Le gouvernement belge a annonc\u00e9 sa l\u00e9gislation concernant le mandat de facturation \u00e9lectronique B2B \u00e0 partir du 1er janvier 2026. Voici une br\u00e8ve mise \u00e0 jour pour vous. Lire la suite !","og_url":"https:\/\/www.tjc-group.com\/fr\/blogs\/update-the-belgian-parliament-approved-the-legislation-setting-out-a-b2b-e-invoicing-mandate\/","og_site_name":"TJC Group","article_modified_time":"2025-05-12T13:46:48+00:00","og_image":[{"width":1920,"height":1080,"url":"https:\/\/www.tjc-group.com\/wp-content\/uploads\/2024\/02\/Belgium-update-on-e-invoicing.jpg","type":"image\/jpeg"}],"twitter_card":"summary_large_image","twitter_site":"@tjcsoftware","twitter_misc":{"Dur\u00e9e de lecture estim\u00e9e":"2 minutes"},"schema":{"@context":"https:\/\/schema.org","@graph":[{"@type":"WebPage","@id":"https:\/\/www.tjc-group.com\/fr\/blogs\/update-the-belgian-parliament-approved-the-legislation-setting-out-a-b2b-e-invoicing-mandate\/","url":"https:\/\/www.tjc-group.com\/fr\/blogs\/update-the-belgian-parliament-approved-the-legislation-setting-out-a-b2b-e-invoicing-mandate\/","name":"Mise \u00e0 jour : Le Parlement belge adopte la l\u00e9gislation sur le mandat de facturation \u00e9lectronique B2B -","isPartOf":{"@id":"https:\/\/www.tjc-group.com\/fr\/#website"},"primaryImageOfPage":{"@id":"https:\/\/www.tjc-group.com\/fr\/blogs\/update-the-belgian-parliament-approved-the-legislation-setting-out-a-b2b-e-invoicing-mandate\/#primaryimage"},"image":{"@id":"https:\/\/www.tjc-group.com\/fr\/blogs\/update-the-belgian-parliament-approved-the-legislation-setting-out-a-b2b-e-invoicing-mandate\/#primaryimage"},"thumbnailUrl":"https:\/\/www.tjc-group.com\/wp-content\/uploads\/2024\/02\/Belgium-update-on-e-invoicing.jpg","datePublished":"2024-02-22T14:30:21+00:00","dateModified":"2025-05-12T13:46:48+00:00","description":"Le gouvernement belge a annonc\u00e9 sa l\u00e9gislation concernant le mandat de facturation \u00e9lectronique B2B \u00e0 partir du 1er janvier 2026. Voici une br\u00e8ve mise \u00e0 jour pour vous. Lire la suite !","breadcrumb":{"@id":"https:\/\/www.tjc-group.com\/fr\/blogs\/update-the-belgian-parliament-approved-the-legislation-setting-out-a-b2b-e-invoicing-mandate\/#breadcrumb"},"inLanguage":"fr-FR","potentialAction":[{"@type":"ReadAction","target":["https:\/\/www.tjc-group.com\/fr\/blogs\/update-the-belgian-parliament-approved-the-legislation-setting-out-a-b2b-e-invoicing-mandate\/"]}]},{"@type":"ImageObject","inLanguage":"fr-FR","@id":"https:\/\/www.tjc-group.com\/fr\/blogs\/update-the-belgian-parliament-approved-the-legislation-setting-out-a-b2b-e-invoicing-mandate\/#primaryimage","url":"https:\/\/www.tjc-group.com\/wp-content\/uploads\/2024\/02\/Belgium-update-on-e-invoicing.jpg","contentUrl":"https:\/\/www.tjc-group.com\/wp-content\/uploads\/2024\/02\/Belgium-update-on-e-invoicing.jpg","width":1920,"height":1080,"caption":"Belgium's B2B e-invoicing update"},{"@type":"BreadcrumbList","@id":"https:\/\/www.tjc-group.com\/fr\/blogs\/update-the-belgian-parliament-approved-the-legislation-setting-out-a-b2b-e-invoicing-mandate\/#breadcrumb","itemListElement":[{"@type":"ListItem","position":1,"name":"Home","item":"https:\/\/www.tjc-group.com\/fr\/"},{"@type":"ListItem","position":2,"name":"Blog","item":"https:\/\/www.tjc-group.com\/fr\/blogs\/"},{"@type":"ListItem","position":3,"name":"Mise \u00e0 jour : Le Parlement belge adopte la l\u00e9gislation sur le mandat de facturation \u00e9lectronique B2B"}]},{"@type":"WebSite","@id":"https:\/\/www.tjc-group.com\/fr\/#website","url":"https:\/\/www.tjc-group.com\/fr\/","name":"TJC Group","description":"","publisher":{"@id":"https:\/\/www.tjc-group.com\/fr\/#organization"},"potentialAction":[{"@type":"SearchAction","target":{"@type":"EntryPoint","urlTemplate":"https:\/\/www.tjc-group.com\/fr\/?s={search_term_string}"},"query-input":{"@type":"PropertyValueSpecification","valueRequired":true,"valueName":"search_term_string"}}],"inLanguage":"fr-FR"},{"@type":"Organization","@id":"https:\/\/www.tjc-group.com\/fr\/#organization","name":"TJC Group","url":"https:\/\/www.tjc-group.com\/fr\/","logo":{"@type":"ImageObject","inLanguage":"fr-FR","@id":"https:\/\/www.tjc-group.com\/fr\/#\/schema\/logo\/image\/","url":"https:\/\/www.tjc-group.com\/wp-content\/uploads\/2021\/05\/logo.svg","contentUrl":"https:\/\/www.tjc-group.com\/wp-content\/uploads\/2021\/05\/logo.svg","caption":"TJC Group"},"image":{"@id":"https:\/\/www.tjc-group.com\/fr\/#\/schema\/logo\/image\/"},"sameAs":["https:\/\/x.com\/tjcsoftware","https:\/\/www.linkedin.com\/company\/tjc-group","https:\/\/www.youtube.com\/tjcgroup"]}]}},"_links":{"self":[{"href":"https:\/\/www.tjc-group.com\/fr\/wp-json\/wp\/v2\/blog\/36497","targetHints":{"allow":["GET"]}}],"collection":[{"href":"https:\/\/www.tjc-group.com\/fr\/wp-json\/wp\/v2\/blog"}],"about":[{"href":"https:\/\/www.tjc-group.com\/fr\/wp-json\/wp\/v2\/types\/blog"}],"version-history":[{"count":7,"href":"https:\/\/www.tjc-group.com\/fr\/wp-json\/wp\/v2\/blog\/36497\/revisions"}],"predecessor-version":[{"id":40167,"href":"https:\/\/www.tjc-group.com\/fr\/wp-json\/wp\/v2\/blog\/36497\/revisions\/40167"}],"wp:featuredmedia":[{"embeddable":true,"href":"https:\/\/www.tjc-group.com\/fr\/wp-json\/wp\/v2\/media\/31765"}],"wp:attachment":[{"href":"https:\/\/www.tjc-group.com\/fr\/wp-json\/wp\/v2\/media?parent=36497"}],"wp:term":[{"taxonomy":"blog_tag","embeddable":true,"href":"https:\/\/www.tjc-group.com\/fr\/wp-json\/wp\/v2\/blog_tag?post=36497"}],"curies":[{"name":"wp","href":"https:\/\/api.w.org\/{rel}","templated":true}]}}