{"id":28945,"date":"2023-10-04T14:20:23","date_gmt":"2023-10-04T08:50:23","guid":{"rendered":"https:\/\/www.tjc-group.com\/blogs\/team-spotlight-laura-parri-royo-marketing-director-tjc-group\/"},"modified":"2024-05-06T13:47:58","modified_gmt":"2024-05-06T08:17:58","slug":"team-spotlight-laura-parri-royo-marketing-director-tjc-group","status":"publish","type":"blog","link":"https:\/\/www.tjc-group.com\/de\/blogs\/team-spotlight-laura-parri-royo-marketing-director-tjc-group\/","title":{"rendered":"Team Spotlight | Laura Parri Royo &#8211; Marketing Direktorin, TJC Gruppe"},"content":{"rendered":"<div class=\"wp-block-image\">\n<figure class=\"aligncenter size-full\"><img loading=\"lazy\" decoding=\"async\" width=\"1200\" height=\"500\" src=\"https:\/\/www.tjc-group.com\/wp-content\/uploads\/2023\/10\/MicrosoftTeams-image-15.jpg\" alt=\"Team spotlight | Laura Parri Royo &#x2013; Marketing Director, TJC Group\" class=\"wp-image-28920\" srcset=\"https:\/\/www.tjc-group.com\/wp-content\/uploads\/2023\/10\/MicrosoftTeams-image-15.jpg 1200w, https:\/\/www.tjc-group.com\/wp-content\/uploads\/2023\/10\/MicrosoftTeams-image-15-300x125.jpg 300w, https:\/\/www.tjc-group.com\/wp-content\/uploads\/2023\/10\/MicrosoftTeams-image-15-768x320.jpg 768w\" sizes=\"auto, (max-width: 1200px) 100vw, 1200px\" \/><\/figure>\n<\/div>\n<p>Pr\u00e4zision, Perfektion und Optimismus &#8211; diese Worte sind ein Synonym f\u00fcr Laura Parri Royo, die das Marketingteam mit viel Fingerspitzengef\u00fchl leitet. Das Spotlight dieses Monats ist diesem extravaganten Kraftpaket der TJC Group gewidmet!<\/p>\n\n<h2 class=\"wp-block-heading has-text-color\" id=\"h-andante-ad-libitum\" style=\"color:#56abda;font-style:normal;font-weight:600\">Andante ad libitum<\/h2>\n\n<p>Laura Parri Royo stammt aus dem sch\u00f6nen Spanien und ist eine au\u00dfergew\u00f6hnliche Pers\u00f6nlichkeit. Sie kann auf eine beeindruckende Erfolgsbilanz zur\u00fcckblicken und hat erfolgreich globale Marketing- und Kommunikationsstrategien f\u00fcr Unternehmen in verschiedenen Branchen, insbesondere im Gesundheitswesen und in der Softwarebranche, entwickelt. Sie erwarb einen Abschluss in Betriebswirtschaft und Marketing und Kommunikation und leitet nun ein Marketingteam mit mehr als 12 Jahren Branchenerfahrung.  <\/p>\n\n<p>Und nicht nur das: Laura ist eine verst\u00e4ndnisvolle F\u00fchrungspers\u00f6nlichkeit, die Positivit\u00e4t im Team verbreitet. Her achievements are remarkable, and apart from being the intellect that she is \u2013 Laura is multilingual and can speak Spanish, Catalan, English, and French. <\/p>\n\n<p>Interessant, nicht wahr? Ihre enorme Wachstumskurve hat uns fasziniert, und wir wollten sie mit unseren Lesern teilen. So, here\u2019s an excerpt from our interview <\/p>\n\n<h3 class=\"wp-block-heading has-text-color\" id=\"h-question-can-you-walk-us-through-your-career-before-joining-tjc-group\" style=\"color:#0d589b;font-style:normal;font-weight:600\">Frage: K\u00f6nnen Sie uns einen \u00dcberblick \u00fcber Ihren Werdegang geben, bevor Sie zur TJC-Gruppe kamen?<\/h3>\n\n<p>Ich habe f\u00fcr verschiedene Unternehmen in unterschiedlichen Branchen gearbeitet, vor allem in der IT- und der Baubranche, und zwar fast immer im Bereich Marketing, obwohl meine allererste Stelle im Bereich Buchhaltung und SAP-Systeme lag. Notably, I worked for Cerner Corporation, an organisation part of Oracle, paving the way in software for healthcare.<\/p>\n\n<h3 class=\"wp-block-heading has-text-color\" id=\"h-question-why-marketing-and-communications\" style=\"color:#0d589b;font-style:normal;font-weight:600\">Frage: Warum Marketing und Kommunikation?<\/h3>\n\n<p>Gabriel Garc\u00eda M\u00e1rquez, a Colombian novelist and distinguished name in Spanish literature, used to say \u201cWhat isn\u2019t explained, it doesn\u2019t exist\u201d. This is the reason why I believe Marketing and communication is a crucial area within a company. Marketing kann zwar als der gro\u00dfe Teufel angesehen werden, der den Einzelnen dazu bringt, mehr Geld auszugeben, aber es ist auch das Mittel, um Organisationen, Kunden und einer ganzen Gemeinschaft einen Mehrwert zu bieten, indem es die Kluft zwischen Unternehmen und Verbrauchern \u00fcberbr\u00fcckt. Marketing can deliver useful information for people to engage with a product or service that will make their life easier, and overall, to make them make an informed decision.<\/p>\n\n<h3 class=\"wp-block-heading has-text-color\" id=\"h-question-can-you-tell-us-more-about-your-role-at-tjc-group\" style=\"color:#0d589b;font-style:normal;font-weight:600\">Frage: K\u00f6nnen Sie uns mehr \u00fcber Ihre Rolle bei der TJC-Gruppe erz\u00e4hlen?<\/h3>\n\n<p>Marketing ist ein zentraler Bereich in einem Unternehmen, das in eine Vielzahl von Projekten involviert ist, und das macht meinen Arbeitsalltag bei der <a href=\"https:\/\/www.tjc-group.com\/de\/\" target=\"_blank\" rel=\"noreferrer noopener\">TJC Group<\/a> so lebendig und abwechslungsreich. Entweder plane ich eine Werbekampagne f\u00fcr ein neues Produkt, schreibe einen Blog-Artikel mit Unterst\u00fctzung von funktions\u00fcbergreifenden Teams innerhalb der TJC-Gruppe oder unterst\u00fctze das HR-Team bei der Personalbeschaffung und bei Schulungsfragen. I am extremely lucky to work alongside a tight-knit team of talented marketers. <\/p>\n\n<p>As a Marketing Director at TJC Group, I lead the marketing team to ensure key objectives are met and communicate on TJC Group products and services across different audiences.<\/p>\n\n<h3 class=\"wp-block-heading has-text-color\" id=\"h-question-so-what-do-you-like-the-most-about-your-work\" style=\"color:#0d589b;font-style:normal;font-weight:600\">Frage: Was gef\u00e4llt Ihnen am meisten an Ihrer Arbeit?<\/h3>\n\n<p>Die <a href=\"https:\/\/twitter.com\/tjcsoftware\" target=\"_blank\" rel=\"noreferrer noopener\">TJC-Gruppe<\/a> ist in vielerlei Hinsicht ein einzigartiges Unternehmen. The ethics of the management, the opportunity to own your path, a welcoming environment, open doors where everyone is free to share fresh ideas, the team spirit of my colleagues always willing to share and collaborate, a fresh company culture that has perfectly adapted to change in technology, in working trends, etc. Die TJC-Gruppe ist der Ort, an dem ich die Freiheit habe, mich beruflich zu entfalten und zu wachsen. <\/p>\n\n<h3 class=\"wp-block-heading has-text-color\" id=\"h-question-did-you-or-rather-do-you-face-any-challenges-at-work\" style=\"color:#0d589b;font-style:normal;font-weight:600\">Frage: Hatten bzw. haben Sie bei der Arbeit irgendwelche Herausforderungen zu bew\u00e4ltigen?<\/h3>\n\n<p>Es ist eine sehr technische Branche, und f\u00fcr jemanden, der keinen technischen Hintergrund hat (ich bin eher ein Kunstmensch), war es kein leichter Start. It took plenty of readings, many explanations from colleagues and a deep dive into the world of data volume management to get to grips with it.<\/p>\n\n<h3 class=\"wp-block-heading has-text-color\" id=\"h-question-have-these-challenges-ever-made-you-feel-like-giving-up\" style=\"color:#0d589b;font-style:normal;font-weight:600\">Frage: Haben Sie bei diesen Herausforderungen jemals das Gef\u00fchl gehabt, aufgeben zu m\u00fcssen?<\/h3>\n\n<p>Das Sch\u00f6ne an der IT-Branche ist, dass sie eine unendliche, faszinierende Welt ist. Es vergeht kein Tag, an dem ich ins Bett gehe, ohne etwas Neues zu lernen. Even though times get tough at times, at the end of the day \u2013 everything falls in place. So, to answer your question \u2013 no, these challenges never made me feel like giving up \ud83d\ude0a <\/p>\n\n<h3 class=\"wp-block-heading has-text-color\" id=\"h-question-before-closing-would-you-like-to-share-something-about-my-personal-life\" style=\"color:#0d589b;font-style:normal;font-weight:600\">Frage: Bevor ich schlie\u00dfe, m\u00f6chten Sie mir etwas \u00fcber mein pers\u00f6nliches Leben erz\u00e4hlen?<\/h3>\n\n<p>Musik ist meine Leidenschaft, ich habe die Musiksprache schon als Kind gelernt und im Laufe der Jahre in vielen Ch\u00f6ren gesungen. Im Jahr 2021 nahm mein Leben eine Wende, als meine Tochter geboren wurde. Sie ist meine liebste kleine Person. Seitdem widme ich meine Zeit ihr und meiner anderen H\u00e4lfte, Rafa, meinem Komplizen, und dem Rest meiner Familie. Wenn ich nicht bei meiner Familie bin, fahre ich entweder Ski oder gehe wandern, oder ich schaue Netflix, wenn ich mal abschalten m\u00f6chte! <\/p>\n\n<p>Es ist immer ein Vergn\u00fcgen, etwas \u00fcber unsere tugendhaften Teammitglieder zu erfahren und ihren Weg mit allen zu teilen. Verbinden Sie sich mit Laura auf <a href=\"https:\/\/www.linkedin.com\/in\/lauraparri\/\" target=\"_blank\" rel=\"noreferrer noopener\">LinkedIn<\/a> und <a href=\"https:\/\/twitter.com\/Lauraparri\" target=\"_blank\" rel=\"noreferrer noopener\">Twitter<\/a>, um \u00fcber die TJC Group, Marketing und mehr auf dem Laufenden zu bleiben! <\/p>\n\n<div style=\"height:50px\" aria-hidden=\"true\" class=\"wp-block-spacer\"><\/div>\n\n<hr class=\"wp-block-separator has-alpha-channel-opacity is-style-dots\"\/>\n","protected":false},"featured_media":28925,"parent":0,"menu_order":0,"template":"","meta":{"content-type":"","footnotes":""},"blog_tag":[215],"class_list":["post-28945","blog","type-blog","status-publish","has-post-thumbnail","hentry","blog_tag-unternehmen-der-tjc-gruppe"],"yoast_head":"<!-- This site is optimized with the Yoast SEO Premium plugin v27.4 (Yoast SEO v27.5) - https:\/\/yoast.com\/product\/yoast-seo-premium-wordpress\/ -->\n<title>Laura Parri Royo: TJC Group&#039;s Marketing Director - TJC Group<\/title>\n<meta name=\"description\" content=\"Lernen Sie Laura Parri Royo, Marketing Director bei der TJC Group, in unserem Team Spotlight kennen. Entdecken Sie ihre Einblicke, Erfahrungen und Beitr\u00e4ge zum Unternehmen.\" \/>\n<meta name=\"robots\" content=\"index, follow, max-snippet:-1, max-image-preview:large, max-video-preview:-1\" \/>\n<link rel=\"canonical\" href=\"https:\/\/www.tjc-group.com\/de\/blogs\/team-spotlight-laura-parri-royo-marketing-director-tjc-group\/\" \/>\n<meta property=\"og:locale\" content=\"de_DE\" \/>\n<meta property=\"og:type\" content=\"article\" \/>\n<meta property=\"og:title\" content=\"Team Spotlight | Laura Parri Royo - Marketing Direktorin, TJC Gruppe\" \/>\n<meta property=\"og:description\" content=\"Lernen Sie Laura Parri Royo, Marketing Director bei der TJC Group, in unserem Team Spotlight kennen. Entdecken Sie ihre Einblicke, Erfahrungen und Beitr\u00e4ge zum Unternehmen.\" \/>\n<meta property=\"og:url\" content=\"https:\/\/www.tjc-group.com\/de\/blogs\/team-spotlight-laura-parri-royo-marketing-director-tjc-group\/\" \/>\n<meta property=\"og:site_name\" content=\"TJC Group\" \/>\n<meta property=\"article:modified_time\" content=\"2024-05-06T08:17:58+00:00\" \/>\n<meta property=\"og:image\" content=\"https:\/\/www.tjc-group.com\/wp-content\/uploads\/2023\/10\/Header_Laura_Parri\u2560u_Royo_650px-scaled.jpg\" \/>\n\t<meta property=\"og:image:width\" content=\"2560\" \/>\n\t<meta property=\"og:image:height\" content=\"1280\" \/>\n\t<meta property=\"og:image:type\" content=\"image\/jpeg\" \/>\n<meta name=\"twitter:card\" content=\"summary_large_image\" \/>\n<meta name=\"twitter:site\" content=\"@tjcsoftware\" \/>\n<meta name=\"twitter:label1\" content=\"Gesch\u00e4tzte Lesezeit\" \/>\n\t<meta name=\"twitter:data1\" content=\"4\u00a0Minuten\" \/>\n<script type=\"application\/ld+json\" class=\"yoast-schema-graph\">{\"@context\":\"https:\\\/\\\/schema.org\",\"@graph\":[{\"@type\":\"WebPage\",\"@id\":\"https:\\\/\\\/www.tjc-group.com\\\/de\\\/blogs\\\/team-spotlight-laura-parri-royo-marketing-director-tjc-group\\\/\",\"url\":\"https:\\\/\\\/www.tjc-group.com\\\/de\\\/blogs\\\/team-spotlight-laura-parri-royo-marketing-director-tjc-group\\\/\",\"name\":\"Laura Parri Royo: TJC Group's Marketing Director - TJC Group\",\"isPartOf\":{\"@id\":\"https:\\\/\\\/www.tjc-group.com\\\/de\\\/#website\"},\"primaryImageOfPage\":{\"@id\":\"https:\\\/\\\/www.tjc-group.com\\\/de\\\/blogs\\\/team-spotlight-laura-parri-royo-marketing-director-tjc-group\\\/#primaryimage\"},\"image\":{\"@id\":\"https:\\\/\\\/www.tjc-group.com\\\/de\\\/blogs\\\/team-spotlight-laura-parri-royo-marketing-director-tjc-group\\\/#primaryimage\"},\"thumbnailUrl\":\"https:\\\/\\\/www.tjc-group.com\\\/wp-content\\\/uploads\\\/2023\\\/10\\\/Header_Laura_Parri\u2560u_Royo_650px-scaled.jpg\",\"datePublished\":\"2023-10-04T08:50:23+00:00\",\"dateModified\":\"2024-05-06T08:17:58+00:00\",\"description\":\"Lernen Sie Laura Parri Royo, Marketing Director bei der TJC Group, in unserem Team Spotlight kennen. Entdecken Sie ihre Einblicke, Erfahrungen und Beitr\u00e4ge zum Unternehmen.\",\"breadcrumb\":{\"@id\":\"https:\\\/\\\/www.tjc-group.com\\\/de\\\/blogs\\\/team-spotlight-laura-parri-royo-marketing-director-tjc-group\\\/#breadcrumb\"},\"inLanguage\":\"de\",\"potentialAction\":[{\"@type\":\"ReadAction\",\"target\":[\"https:\\\/\\\/www.tjc-group.com\\\/de\\\/blogs\\\/team-spotlight-laura-parri-royo-marketing-director-tjc-group\\\/\"]}]},{\"@type\":\"ImageObject\",\"inLanguage\":\"de\",\"@id\":\"https:\\\/\\\/www.tjc-group.com\\\/de\\\/blogs\\\/team-spotlight-laura-parri-royo-marketing-director-tjc-group\\\/#primaryimage\",\"url\":\"https:\\\/\\\/www.tjc-group.com\\\/wp-content\\\/uploads\\\/2023\\\/10\\\/Header_Laura_Parri\u2560u_Royo_650px-scaled.jpg\",\"contentUrl\":\"https:\\\/\\\/www.tjc-group.com\\\/wp-content\\\/uploads\\\/2023\\\/10\\\/Header_Laura_Parri\u2560u_Royo_650px-scaled.jpg\",\"width\":2560,\"height\":1280,\"caption\":\"Team spotlight | Laura Parri Royo \u2013 Marketing Director, TJC Group\"},{\"@type\":\"BreadcrumbList\",\"@id\":\"https:\\\/\\\/www.tjc-group.com\\\/de\\\/blogs\\\/team-spotlight-laura-parri-royo-marketing-director-tjc-group\\\/#breadcrumb\",\"itemListElement\":[{\"@type\":\"ListItem\",\"position\":1,\"name\":\"Home\",\"item\":\"https:\\\/\\\/www.tjc-group.com\\\/de\\\/\"},{\"@type\":\"ListItem\",\"position\":2,\"name\":\"Blog\",\"item\":\"https:\\\/\\\/www.tjc-group.com\\\/de\\\/blogs\\\/\"},{\"@type\":\"ListItem\",\"position\":3,\"name\":\"Team Spotlight | Laura Parri Royo &#8211; Marketing Direktorin, TJC Gruppe\"}]},{\"@type\":\"WebSite\",\"@id\":\"https:\\\/\\\/www.tjc-group.com\\\/de\\\/#website\",\"url\":\"https:\\\/\\\/www.tjc-group.com\\\/de\\\/\",\"name\":\"TJC Group\",\"description\":\"\",\"publisher\":{\"@id\":\"https:\\\/\\\/www.tjc-group.com\\\/de\\\/#organization\"},\"potentialAction\":[{\"@type\":\"SearchAction\",\"target\":{\"@type\":\"EntryPoint\",\"urlTemplate\":\"https:\\\/\\\/www.tjc-group.com\\\/de\\\/?s={search_term_string}\"},\"query-input\":{\"@type\":\"PropertyValueSpecification\",\"valueRequired\":true,\"valueName\":\"search_term_string\"}}],\"inLanguage\":\"de\"},{\"@type\":\"Organization\",\"@id\":\"https:\\\/\\\/www.tjc-group.com\\\/de\\\/#organization\",\"name\":\"TJC Group\",\"url\":\"https:\\\/\\\/www.tjc-group.com\\\/de\\\/\",\"logo\":{\"@type\":\"ImageObject\",\"inLanguage\":\"de\",\"@id\":\"https:\\\/\\\/www.tjc-group.com\\\/de\\\/#\\\/schema\\\/logo\\\/image\\\/\",\"url\":\"https:\\\/\\\/www.tjc-group.com\\\/wp-content\\\/uploads\\\/2021\\\/05\\\/logo.svg\",\"contentUrl\":\"https:\\\/\\\/www.tjc-group.com\\\/wp-content\\\/uploads\\\/2021\\\/05\\\/logo.svg\",\"caption\":\"TJC Group\"},\"image\":{\"@id\":\"https:\\\/\\\/www.tjc-group.com\\\/de\\\/#\\\/schema\\\/logo\\\/image\\\/\"},\"sameAs\":[\"https:\\\/\\\/x.com\\\/tjcsoftware\",\"https:\\\/\\\/www.linkedin.com\\\/company\\\/tjc-group\",\"https:\\\/\\\/www.youtube.com\\\/tjcgroup\"]}]}<\/script>\n<!-- \/ Yoast SEO Premium plugin. -->","yoast_head_json":{"title":"Laura Parri Royo: TJC Group's Marketing Director - TJC Group","description":"Lernen Sie Laura Parri Royo, Marketing Director bei der TJC Group, in unserem Team Spotlight kennen. Entdecken Sie ihre Einblicke, Erfahrungen und Beitr\u00e4ge zum Unternehmen.","robots":{"index":"index","follow":"follow","max-snippet":"max-snippet:-1","max-image-preview":"max-image-preview:large","max-video-preview":"max-video-preview:-1"},"canonical":"https:\/\/www.tjc-group.com\/de\/blogs\/team-spotlight-laura-parri-royo-marketing-director-tjc-group\/","og_locale":"de_DE","og_type":"article","og_title":"Team Spotlight | Laura Parri Royo - Marketing Direktorin, TJC Gruppe","og_description":"Lernen Sie Laura Parri Royo, Marketing Director bei der TJC Group, in unserem Team Spotlight kennen. Entdecken Sie ihre Einblicke, Erfahrungen und Beitr\u00e4ge zum Unternehmen.","og_url":"https:\/\/www.tjc-group.com\/de\/blogs\/team-spotlight-laura-parri-royo-marketing-director-tjc-group\/","og_site_name":"TJC Group","article_modified_time":"2024-05-06T08:17:58+00:00","og_image":[{"width":2560,"height":1280,"url":"https:\/\/www.tjc-group.com\/wp-content\/uploads\/2023\/10\/Header_Laura_Parri\u2560u_Royo_650px-scaled.jpg","type":"image\/jpeg"}],"twitter_card":"summary_large_image","twitter_site":"@tjcsoftware","twitter_misc":{"Gesch\u00e4tzte Lesezeit":"4\u00a0Minuten"},"schema":{"@context":"https:\/\/schema.org","@graph":[{"@type":"WebPage","@id":"https:\/\/www.tjc-group.com\/de\/blogs\/team-spotlight-laura-parri-royo-marketing-director-tjc-group\/","url":"https:\/\/www.tjc-group.com\/de\/blogs\/team-spotlight-laura-parri-royo-marketing-director-tjc-group\/","name":"Laura Parri Royo: TJC Group's Marketing Director - TJC Group","isPartOf":{"@id":"https:\/\/www.tjc-group.com\/de\/#website"},"primaryImageOfPage":{"@id":"https:\/\/www.tjc-group.com\/de\/blogs\/team-spotlight-laura-parri-royo-marketing-director-tjc-group\/#primaryimage"},"image":{"@id":"https:\/\/www.tjc-group.com\/de\/blogs\/team-spotlight-laura-parri-royo-marketing-director-tjc-group\/#primaryimage"},"thumbnailUrl":"https:\/\/www.tjc-group.com\/wp-content\/uploads\/2023\/10\/Header_Laura_Parri\u2560u_Royo_650px-scaled.jpg","datePublished":"2023-10-04T08:50:23+00:00","dateModified":"2024-05-06T08:17:58+00:00","description":"Lernen Sie Laura Parri Royo, Marketing Director bei der TJC Group, in unserem Team Spotlight kennen. Entdecken Sie ihre Einblicke, Erfahrungen und Beitr\u00e4ge zum Unternehmen.","breadcrumb":{"@id":"https:\/\/www.tjc-group.com\/de\/blogs\/team-spotlight-laura-parri-royo-marketing-director-tjc-group\/#breadcrumb"},"inLanguage":"de","potentialAction":[{"@type":"ReadAction","target":["https:\/\/www.tjc-group.com\/de\/blogs\/team-spotlight-laura-parri-royo-marketing-director-tjc-group\/"]}]},{"@type":"ImageObject","inLanguage":"de","@id":"https:\/\/www.tjc-group.com\/de\/blogs\/team-spotlight-laura-parri-royo-marketing-director-tjc-group\/#primaryimage","url":"https:\/\/www.tjc-group.com\/wp-content\/uploads\/2023\/10\/Header_Laura_Parri\u2560u_Royo_650px-scaled.jpg","contentUrl":"https:\/\/www.tjc-group.com\/wp-content\/uploads\/2023\/10\/Header_Laura_Parri\u2560u_Royo_650px-scaled.jpg","width":2560,"height":1280,"caption":"Team spotlight | Laura Parri Royo \u2013 Marketing Director, TJC Group"},{"@type":"BreadcrumbList","@id":"https:\/\/www.tjc-group.com\/de\/blogs\/team-spotlight-laura-parri-royo-marketing-director-tjc-group\/#breadcrumb","itemListElement":[{"@type":"ListItem","position":1,"name":"Home","item":"https:\/\/www.tjc-group.com\/de\/"},{"@type":"ListItem","position":2,"name":"Blog","item":"https:\/\/www.tjc-group.com\/de\/blogs\/"},{"@type":"ListItem","position":3,"name":"Team Spotlight | Laura Parri Royo &#8211; Marketing Direktorin, TJC Gruppe"}]},{"@type":"WebSite","@id":"https:\/\/www.tjc-group.com\/de\/#website","url":"https:\/\/www.tjc-group.com\/de\/","name":"TJC Group","description":"","publisher":{"@id":"https:\/\/www.tjc-group.com\/de\/#organization"},"potentialAction":[{"@type":"SearchAction","target":{"@type":"EntryPoint","urlTemplate":"https:\/\/www.tjc-group.com\/de\/?s={search_term_string}"},"query-input":{"@type":"PropertyValueSpecification","valueRequired":true,"valueName":"search_term_string"}}],"inLanguage":"de"},{"@type":"Organization","@id":"https:\/\/www.tjc-group.com\/de\/#organization","name":"TJC Group","url":"https:\/\/www.tjc-group.com\/de\/","logo":{"@type":"ImageObject","inLanguage":"de","@id":"https:\/\/www.tjc-group.com\/de\/#\/schema\/logo\/image\/","url":"https:\/\/www.tjc-group.com\/wp-content\/uploads\/2021\/05\/logo.svg","contentUrl":"https:\/\/www.tjc-group.com\/wp-content\/uploads\/2021\/05\/logo.svg","caption":"TJC Group"},"image":{"@id":"https:\/\/www.tjc-group.com\/de\/#\/schema\/logo\/image\/"},"sameAs":["https:\/\/x.com\/tjcsoftware","https:\/\/www.linkedin.com\/company\/tjc-group","https:\/\/www.youtube.com\/tjcgroup"]}]}},"_links":{"self":[{"href":"https:\/\/www.tjc-group.com\/de\/wp-json\/wp\/v2\/blog\/28945","targetHints":{"allow":["GET"]}}],"collection":[{"href":"https:\/\/www.tjc-group.com\/de\/wp-json\/wp\/v2\/blog"}],"about":[{"href":"https:\/\/www.tjc-group.com\/de\/wp-json\/wp\/v2\/types\/blog"}],"version-history":[{"count":2,"href":"https:\/\/www.tjc-group.com\/de\/wp-json\/wp\/v2\/blog\/28945\/revisions"}],"predecessor-version":[{"id":33369,"href":"https:\/\/www.tjc-group.com\/de\/wp-json\/wp\/v2\/blog\/28945\/revisions\/33369"}],"wp:featuredmedia":[{"embeddable":true,"href":"https:\/\/www.tjc-group.com\/de\/wp-json\/wp\/v2\/media\/28925"}],"wp:attachment":[{"href":"https:\/\/www.tjc-group.com\/de\/wp-json\/wp\/v2\/media?parent=28945"}],"wp:term":[{"taxonomy":"blog_tag","embeddable":true,"href":"https:\/\/www.tjc-group.com\/de\/wp-json\/wp\/v2\/blog_tag?post=28945"}],"curies":[{"name":"wp","href":"https:\/\/api.w.org\/{rel}","templated":true}]}}